{"id":4212,"date":"2025-04-29T12:00:14","date_gmt":"2025-04-29T10:00:14","guid":{"rendered":"https:\/\/www.solventa6.com\/faqs-blackout-electric-peninsula-i-sud-de-franca-per-que-va-passar-i-com-protegir-te-en-el-futur\/"},"modified":"2025-04-29T14:04:03","modified_gmt":"2025-04-29T12:04:03","slug":"faqs-blackout-electrico-peninsula-y-sur-de-francia-por-que-ocurrio-y-como-protegerte-en-el-futuro","status":"publish","type":"post","link":"https:\/\/www.solventa6.com\/es\/faqs-blackout-electrico-peninsula-y-sur-de-francia-por-que-ocurrio-y-como-protegerte-en-el-futuro\/","title":{"rendered":"FAQs blackout el\u00e9ctrico Pen\u00ednsula y sur de Francia: \u00bfpor qu\u00e9 ocurri\u00f3 y c\u00f3mo protegerte en el futuro?"},"content":{"rendered":"<p class=\"\" data-start=\"275\" data-end=\"670\">El <strong>apag\u00f3n masivo<\/strong> que ha afectado recientemente a la Pen\u00ednsula Ib\u00e9rica y al sur de Francia ha generado inquietud entre ciudadanos, empresas y administraciones. Aunque este tipo de incidentes son poco frecuentes, su impacto puede ser considerable, tanto a nivel dom\u00e9stico como industrial. En este contexto, es normal tener preguntas: \u00bfpor qu\u00e9 ocurri\u00f3? \u00bfPuede volver a suceder? \u00bfEstamos preparados?<\/p>\n<p class=\"\" data-start=\"672\" data-end=\"1111\">En Solventa6, hemos elaborado este <strong>dossier de preguntas frecuentes (FAQs)<\/strong> para ofrecer respuestas claras y rigurosas a las principales dudas surgidas tras el blackout. Encontrar\u00e1s informaci\u00f3n t\u00e9cnica, consejos pr\u00e1cticos, pautas para reclamar da\u00f1os y orientaciones sobre c\u00f3mo mejorar tu autonom\u00eda energ\u00e9tica. Nuestro objetivo: ayudarte a entender mejor qu\u00e9 ha pasado y c\u00f3mo puedes estar m\u00e1s preparado ante escenarios similares en el futuro.<\/p>\n<h3 class=\"\" data-start=\"1118\" data-end=\"1153\">1. Causa y riesgo de repetici\u00f3n<\/h3>\n<ul>\n<li data-start=\"1155\" data-end=\"1405\"><strong data-start=\"1155\" data-end=\"1208\">\u00bfQu\u00e9 ha provocado exactamente el blackout de hoy?<\/strong><br data-start=\"1208\" data-end=\"1211\" \/>Fallo en la red de transporte europea por sobrecargas puntuales y desconexiones autom\u00e1ticas de seguridad. Las protecciones que evitan da\u00f1os mayores pueden desencadenar estos apagones en cascada.<\/li>\n<li data-start=\"1407\" data-end=\"1586\"><strong data-start=\"1407\" data-end=\"1464\">\u00bfEs normal que la red el\u00e9ctrica falle de esta manera?<\/strong><br data-start=\"1464\" data-end=\"1467\" \/>No es habitual, pero tampoco imposible. Situaciones extraordinarias pueden superar los m\u00e1rgenes de seguridad previstos.<\/li>\n<li data-start=\"1588\" data-end=\"1812\"><strong data-start=\"1588\" data-end=\"1636\">\u00bfPuede haber sido un ciberataque o sabotaje?<\/strong><br data-start=\"1636\" data-end=\"1639\" \/>No hay pruebas de ello en este caso. Los primeros an\u00e1lisis apuntan a causas t\u00e9cnicas, aunque la ciberseguridad de las infraestructuras el\u00e9ctricas es una prioridad creciente.<\/li>\n<li data-start=\"1814\" data-end=\"1998\"><strong data-start=\"1814\" data-end=\"1875\">\u00bfCu\u00e1l es el riesgo real de que se produzca otro blackout?<\/strong><br data-start=\"1875\" data-end=\"1878\" \/>Riesgo bajo, pero existente. La flexibilidad de la red y las inversiones en infraestructura son claves para minimizarlo.<\/li>\n<li data-start=\"2000\" data-end=\"2199\"><strong data-start=\"2000\" data-end=\"2069\">\u00bfLos blackouts ser\u00e1n m\u00e1s frecuentes con el aumento de renovables?<\/strong><br data-start=\"2069\" data-end=\"2072\" \/>Puede aumentar la volatilidad si no se gestiona adecuadamente. El almacenamiento y la adaptaci\u00f3n de las redes ser\u00e1n esenciales.<\/li>\n<li data-start=\"2201\" data-end=\"2388\"><strong data-start=\"2201\" data-end=\"2282\">\u00bfQu\u00e9 medidas se est\u00e1n tomando para reforzar la seguridad de la red el\u00e9ctrica?<\/strong><br data-start=\"2282\" data-end=\"2285\" \/>Supervisi\u00f3n en tiempo real, reservas estrat\u00e9gicas de energ\u00eda y protocolos europeos de respuesta r\u00e1pida.<\/li>\n<li data-start=\"2390\" data-end=\"2564\"><strong data-start=\"2390\" data-end=\"2451\">\u00bfMi instalaci\u00f3n de autoconsumo me protege en estos casos?<\/strong><br data-start=\"2451\" data-end=\"2454\" \/>Solo si dispone de funci\u00f3n de isla o de bater\u00edas. El sistema conectado a la red se desconecta autom\u00e1ticamente.<\/li>\n<\/ul>\n<h3 class=\"\" data-start=\"2571\" data-end=\"2602\">2. Impactos y reclamaciones<\/h3>\n<ul>\n<li data-start=\"2604\" data-end=\"2787\"><strong data-start=\"2604\" data-end=\"2665\">\u00bfQu\u00e9 tipos de da\u00f1os pueden provocar los apagones s\u00fabitos?<\/strong><br data-start=\"2665\" data-end=\"2668\" \/>Da\u00f1os a equipos electr\u00f3nicos, p\u00e9rdida de datos, interrupci\u00f3n de la producci\u00f3n y afectaci\u00f3n a sistemas de refrigeraci\u00f3n.<\/li>\n<li data-start=\"2789\" data-end=\"2934\"><strong data-start=\"2789\" data-end=\"2855\">\u00bfPuedo reclamar si he sufrido aver\u00edas en equipos electr\u00f3nicos?<\/strong><br data-start=\"2855\" data-end=\"2858\" \/>S\u00ed, siempre que se acredite la relaci\u00f3n directa entre el apag\u00f3n y los da\u00f1os.<\/li>\n<li data-start=\"2936\" data-end=\"3078\"><strong data-start=\"2936\" data-end=\"2998\">\u00bfQui\u00e9n es responsable de los da\u00f1os causados por el apag\u00f3n?<\/strong><br data-start=\"2998\" data-end=\"3001\" \/>Normalmente la distribuidora el\u00e9ctrica, aunque depende de cada caso concreto.<\/li>\n<li data-start=\"3080\" data-end=\"3246\"><strong data-start=\"3080\" data-end=\"3133\">\u00bfCu\u00e1l es el procedimiento correcto para reclamar?<\/strong><br data-start=\"3133\" data-end=\"3136\" \/>Presentar reclamaci\u00f3n a la distribuidora con pruebas: informes t\u00e9cnicos, facturas y registro de la incidencia.<\/li>\n<li data-start=\"3248\" data-end=\"3416\"><strong data-start=\"3248\" data-end=\"3301\">\u00bfLas aseguradoras cubren los da\u00f1os por blackouts?<\/strong><br data-start=\"3301\" data-end=\"3304\" \/>Algunas p\u00f3lizas multirriesgo contemplan los da\u00f1os el\u00e9ctricos. Recomendamos revisar las condiciones particulares.<\/li>\n<li data-start=\"3418\" data-end=\"3549\"><strong data-start=\"3418\" data-end=\"3481\">\u00bfSolventa6 puede ayudar en la tramitaci\u00f3n de reclamaciones?<\/strong><br data-start=\"3481\" data-end=\"3484\" \/>S\u00ed, asesoramos t\u00e9cnica y administrativamente a nuestros clientes.<\/li>\n<\/ul>\n<h3 class=\"\" data-start=\"3556\" data-end=\"3604\">3. Autoconsumo y configuraci\u00f3n de inversores<\/h3>\n<ul>\n<li data-start=\"3606\" data-end=\"3743\"><strong data-start=\"3606\" data-end=\"3678\">Si tengo paneles solares, \u00bfseguir\u00e9 teniendo luz durante un blackout?<\/strong><br data-start=\"3678\" data-end=\"3681\" \/>Solo si dispones de un sistema con funci\u00f3n de isla o bater\u00edas.<\/li>\n<li data-start=\"3745\" data-end=\"3886\"><strong data-start=\"3745\" data-end=\"3804\">\u00bfQu\u00e9 significa tener un inversor con \u00abfunci\u00f3n de isla\u00bb?<\/strong><br data-start=\"3804\" data-end=\"3807\" \/>Puede seguir suministrando energ\u00eda internamente sin depender de la red general.<\/li>\n<li data-start=\"3888\" data-end=\"4016\"><strong data-start=\"3888\" data-end=\"3954\">\u00bfC\u00f3mo puedo saber si mi inversor puede funcionar en modo isla?<\/strong><br data-start=\"3954\" data-end=\"3957\" \/>Revisando las especificaciones o consultando con Solventa6.<\/li>\n<li data-start=\"4018\" data-end=\"4141\"><strong data-start=\"4018\" data-end=\"4062\">\u00bfQu\u00e9 equipos adicionales son necesarios?<\/strong><br data-start=\"4062\" data-end=\"4065\" \/>Inversor multimodo, bater\u00edas y sistema de gesti\u00f3n de desconexi\u00f3n autom\u00e1tica.<\/li>\n<li data-start=\"4143\" data-end=\"4253\"><strong data-start=\"4143\" data-end=\"4191\">\u00bfSe puede adaptar una instalaci\u00f3n existente?<\/strong><br data-start=\"4191\" data-end=\"4194\" \/>A menudo s\u00ed, dependiendo de la compatibilidad del inversor.<\/li>\n<li data-start=\"4255\" data-end=\"4369\"><strong data-start=\"4255\" data-end=\"4310\">\u00bfSolventa6 ofrece mejoras para sistemas existentes?<\/strong><br data-start=\"4310\" data-end=\"4313\" \/>S\u00ed, estudiamos cada caso para ofrecer la mejor soluci\u00f3n.<\/li>\n<li data-start=\"4371\" data-end=\"4514\"><strong data-start=\"4371\" data-end=\"4442\">\u00bfNecesito una bater\u00eda para garantizar suministro durante un apag\u00f3n?<\/strong><br data-start=\"4442\" data-end=\"4445\" \/>S\u00ed, es indispensable para disponer de energ\u00eda acumulada y disponible.<\/li>\n<\/ul>\n<h3 class=\"\" data-start=\"4521\" data-end=\"4574\">4. Sistemas de emergencia y prevenci\u00f3n particular<\/h3>\n<ul>\n<li data-start=\"4576\" data-end=\"4724\"><strong data-start=\"4576\" data-end=\"4638\">\u00bfQu\u00e9 opciones tengo para disponer de autonom\u00eda energ\u00e9tica?<\/strong><br data-start=\"4638\" data-end=\"4641\" \/>Sistemas fotovoltaicos con bater\u00edas o generadores de emergencia, seg\u00fan necesidades.<\/li>\n<li data-start=\"4726\" data-end=\"4908\"><strong data-start=\"4726\" data-end=\"4787\">\u00bfCu\u00e1ndo compensa instalar bater\u00edas frente a un generador?<\/strong><br data-start=\"4787\" data-end=\"4790\" \/>Las bater\u00edas aportan sostenibilidad y autonom\u00eda silenciosa; el generador es \u00fatil para consumos muy elevados puntuales.<\/li>\n<li data-start=\"4910\" data-end=\"5024\"><strong data-start=\"4910\" data-end=\"4954\">\u00bfQu\u00e9 tipo de bater\u00edas son recomendables?<\/strong><br data-start=\"4954\" data-end=\"4957\" \/>Bater\u00edas de litio (LFP) por su seguridad, durabilidad y eficiencia.<\/li>\n<li data-start=\"5026\" data-end=\"5134\"><strong data-start=\"5026\" data-end=\"5078\">\u00bfEs suficiente con un SAI para proteger equipos?<\/strong><br data-start=\"5078\" data-end=\"5081\" \/>Solo para peque\u00f1os equipos y durante apagones breves.<\/li>\n<li data-start=\"5136\" data-end=\"5268\"><strong data-start=\"5136\" data-end=\"5195\">\u00bfC\u00f3mo afecta la capacidad de la bater\u00eda a la autonom\u00eda?<\/strong><br data-start=\"5195\" data-end=\"5198\" \/>Directamente: mayor capacidad implica m\u00e1s horas de energ\u00eda disponible.<\/li>\n<li data-start=\"5270\" data-end=\"5401\"><strong data-start=\"5270\" data-end=\"5309\">\u00bfQu\u00e9 sistemas recomienda Solventa6?<\/strong><br data-start=\"5309\" data-end=\"5312\" \/>Soluciones modulares con bater\u00edas escalables y, si es necesario, generadores autom\u00e1ticos.<\/li>\n<\/ul>\n<h3 class=\"\" data-start=\"5408\" data-end=\"5450\">5. Responsabilidad y sistema el\u00e9ctrico<\/h3>\n<ul>\n<li data-start=\"5452\" data-end=\"5581\"><strong data-start=\"5452\" data-end=\"5505\">\u00bfQui\u00e9n es responsable en caso de blackout masivo?<\/strong><br data-start=\"5505\" data-end=\"5508\" \/>Principalmente la distribuidora, aunque pueden intervenir otros factores.<\/li>\n<li data-start=\"5583\" data-end=\"5684\"><strong data-start=\"5583\" data-end=\"5622\">\u00bfSe pueden sancionar las compa\u00f1\u00edas?<\/strong><br data-start=\"5622\" data-end=\"5625\" \/>S\u00ed, si se demuestra negligencia o incumplimiento normativo.<\/li>\n<li data-start=\"5686\" data-end=\"5843\"><strong data-start=\"5686\" data-end=\"5755\">\u00bfEst\u00e1 preparado el sistema europeo para la transici\u00f3n energ\u00e9tica?<\/strong><br data-start=\"5755\" data-end=\"5758\" \/>Se est\u00e1 reforzando, pero a\u00fan son necesarias mejoras en flexibilidad y digitalizaci\u00f3n.<\/li>\n<li data-start=\"5845\" data-end=\"5988\"><strong data-start=\"5845\" data-end=\"5911\">\u00bfQu\u00e9 riesgos conlleva la dependencia de redes interconectadas?<\/strong><br data-start=\"5911\" data-end=\"5914\" \/>Mayor resiliencia global, pero vulnerabilidad si falla un nodo importante.<\/li>\n<li data-start=\"5990\" data-end=\"6127\"><strong data-start=\"5990\" data-end=\"6046\">\u00bfC\u00f3mo afecta el cambio clim\u00e1tico a la red el\u00e9ctrica?<\/strong><br data-start=\"6046\" data-end=\"6049\" \/>Los fen\u00f3menos extremos pueden poner en riesgo las infraestructuras el\u00e9ctricas.<\/li>\n<li data-start=\"6129\" data-end=\"6275\"><strong data-start=\"6129\" data-end=\"6195\">\u00bfPuede la descentralizaci\u00f3n energ\u00e9tica mejorar la resiliencia?<\/strong><br data-start=\"6195\" data-end=\"6198\" \/>S\u00ed, el autoconsumo y las microredes reducen la dependencia de la red general.<\/li>\n<\/ul>\n<h3 class=\"\" data-start=\"6282\" data-end=\"6323\">6. Comunicaci\u00f3n y actuaci\u00f3n ciudadana<\/h3>\n<ul>\n<li data-start=\"6325\" data-end=\"6467\"><strong data-start=\"6325\" data-end=\"6376\">\u00bfC\u00f3mo informarme r\u00e1pidamente de una incidencia?<\/strong><br data-start=\"6376\" data-end=\"6379\" \/>A trav\u00e9s de aplicaciones oficiales, redes sociales de distribuidoras y Protecci\u00f3n Civil.<\/li>\n<li data-start=\"6469\" data-end=\"6598\"><strong data-start=\"6469\" data-end=\"6526\">\u00bfExisten plataformas para seguir el estado de la red?<\/strong><br data-start=\"6526\" data-end=\"6529\" \/>S\u00ed, portales de Red El\u00e9ctrica y notificaciones de las distribuidoras.<\/li>\n<li data-start=\"6600\" data-end=\"6742\"><strong data-start=\"6600\" data-end=\"6659\">\u00bfQu\u00e9 acciones inmediatas tomar en un apag\u00f3n prolongado?<\/strong><br data-start=\"6659\" data-end=\"6662\" \/>Desconectar equipos sensibles, conservar bater\u00eda y seguir los canales oficiales.<\/li>\n<li data-start=\"6744\" data-end=\"6885\"><strong data-start=\"6744\" data-end=\"6794\">\u00bfC\u00f3mo preparar un plan b\u00e1sico de contingencia?<\/strong><br data-start=\"6794\" data-end=\"6797\" \/>Identificar equipos cr\u00edticos, establecer protocolos y disponer de sistemas alternativos.<\/li>\n<li data-start=\"6887\" data-end=\"7011\"><strong data-start=\"6887\" data-end=\"6929\">\u00bfQu\u00e9 equipos tener preparados en casa?<\/strong><br data-start=\"6929\" data-end=\"6932\" \/>Luz de emergencia, radio a pilas, cargadores solares, agua y alimentos b\u00e1sicos.<\/li>\n<li data-start=\"7013\" data-end=\"7153\"><strong data-start=\"7013\" data-end=\"7081\">\u00bfPuede Solventa6 ayudar a planificar estrategias de resiliencia?<\/strong><br data-start=\"7081\" data-end=\"7084\" \/>S\u00ed, dise\u00f1amos soluciones personalizadas para empresas y particulares.<\/li>\n<\/ul>\n<p class=\"\" data-start=\"7172\" data-end=\"7488\">La fiabilidad de la red el\u00e9ctrica es clave para nuestro d\u00eda a d\u00eda, pero incidentes como el reciente blackout nos recuerdan que ning\u00fan sistema es infalible. La buena noticia es que, tanto a nivel particular como empresarial, existen soluciones para mejorar la resiliencia energ\u00e9tica y minimizar los riesgos asociados.<\/p>\n<p class=\"\" data-start=\"7490\" data-end=\"7785\">En Solventa6 estamos comprometidos a <a href=\"https:\/\/www.solventa6.com\/es\/?salient_g_sections=footer-2\">ayudarte<\/a> a prepararte ante posibles incidencias, asesor\u00e1ndote en autoconsumo, sistemas de almacenamiento y estrategias de seguridad energ\u00e9tica.<br data-start=\"7670\" data-end=\"7673\" \/>Si deseas revisar tu instalaci\u00f3n o dise\u00f1ar un plan de contingencia a medida, no dudes en contactar con nosotros.<\/p>\n<p class=\"\" data-start=\"7787\" data-end=\"7862\">Invertir en autonom\u00eda y prevenci\u00f3n hoy es la mejor garant\u00eda para el ma\u00f1ana.<\/p>\n","protected":false},"excerpt":{"rendered":"<p>El apag\u00f3n masivo que ha afectado recientemente a la Pen\u00ednsula Ib\u00e9rica y al sur de Francia ha generado inquietud entre ciudadanos, empresas y administraciones. Aunque este tipo de incidentes son&#8230;<\/p>\n","protected":false},"author":4,"featured_media":4204,"comment_status":"closed","ping_status":"closed","sticky":false,"template":"","format":"standard","meta":{"_joinchat":[],"footnotes":""},"categories":[41],"tags":[303,304,216,311,309,305,307,139,310,306,308],"class_list":{"0":"post-4212","1":"post","2":"type-post","3":"status-publish","4":"format-standard","5":"has-post-thumbnail","7":"category-actualidad-del-sector","8":"tag-apagon","9":"tag-apagon-masivo","10":"tag-autoconsumo","11":"tag-consejos","12":"tag-dosier-faqs","13":"tag-electricidad","14":"tag-espana","15":"tag-instalacion-placas","16":"tag-recomendaciones","17":"tag-red-electrica","18":"tag-sin-luz"},"_links":{"self":[{"href":"https:\/\/www.solventa6.com\/es\/wp-json\/wp\/v2\/posts\/4212","targetHints":{"allow":["GET"]}}],"collection":[{"href":"https:\/\/www.solventa6.com\/es\/wp-json\/wp\/v2\/posts"}],"about":[{"href":"https:\/\/www.solventa6.com\/es\/wp-json\/wp\/v2\/types\/post"}],"author":[{"embeddable":true,"href":"https:\/\/www.solventa6.com\/es\/wp-json\/wp\/v2\/users\/4"}],"replies":[{"embeddable":true,"href":"https:\/\/www.solventa6.com\/es\/wp-json\/wp\/v2\/comments?post=4212"}],"version-history":[{"count":1,"href":"https:\/\/www.solventa6.com\/es\/wp-json\/wp\/v2\/posts\/4212\/revisions"}],"predecessor-version":[{"id":4214,"href":"https:\/\/www.solventa6.com\/es\/wp-json\/wp\/v2\/posts\/4212\/revisions\/4214"}],"wp:featuredmedia":[{"embeddable":true,"href":"https:\/\/www.solventa6.com\/es\/wp-json\/wp\/v2\/media\/4204"}],"wp:attachment":[{"href":"https:\/\/www.solventa6.com\/es\/wp-json\/wp\/v2\/media?parent=4212"}],"wp:term":[{"taxonomy":"category","embeddable":true,"href":"https:\/\/www.solventa6.com\/es\/wp-json\/wp\/v2\/categories?post=4212"},{"taxonomy":"post_tag","embeddable":true,"href":"https:\/\/www.solventa6.com\/es\/wp-json\/wp\/v2\/tags?post=4212"}],"curies":[{"name":"wp","href":"https:\/\/api.w.org\/{rel}","templated":true}]}}