{"id":4269,"date":"2025-05-26T18:37:44","date_gmt":"2025-05-26T16:37:44","guid":{"rendered":"https:\/\/www.solventa6.com\/el-nostre-pas-per-intersolar-europe-2025-a-munic\/"},"modified":"2025-05-26T18:46:31","modified_gmt":"2025-05-26T16:46:31","slug":"nuestro-paso-por-intersolar-europe-2025-en-munich","status":"publish","type":"post","link":"https:\/\/www.solventa6.com\/es\/nuestro-paso-por-intersolar-europe-2025-en-munich\/","title":{"rendered":"Nuestro paso por Intersolar Europe 2025 en M\u00fanich"},"content":{"rendered":"<p data-start=\"101\" data-end=\"362\">Del 6 al 9 de mayo, una parte del equipo de Solventa6 se desplaz\u00f3 hasta M\u00fanich (Alemania) para asistir a Intersolar Europe 2025, una de las ferias m\u00e1s relevantes del mundo en el sector de la <strong>energ\u00eda solar<\/strong>.<\/p>\n<p data-start=\"364\" data-end=\"708\">Nuestra presencia en este evento nos ha permitido conocer de primera mano las <strong>\u00faltimas novedades en tecnolog\u00edas fotovoltaicas<\/strong>, as\u00ed como soluciones innovadoras como los sistemas h\u00edbridos, el agri-PV, instalaciones flotantes y nuevos formatos de almacenamiento de energ\u00eda. Un lugar de innovaci\u00f3n e inspiraci\u00f3n que nos ayuda a seguir evolucionando.<\/p>\n<p data-start=\"710\" data-end=\"1033\">Adem\u00e1s de descubrir novedades tecnol\u00f3gicas, hemos podido conectar con otros profesionales y empresas del sector. Los encuentros con partners y especialistas han sido enriquecedores, sobre todo en \u00e1mbitos como el almacenamiento energ\u00e9tico, una pieza clave para avanzar hacia una transici\u00f3n energ\u00e9tica eficiente y sostenible.<\/p>\n<p data-start=\"1035\" data-end=\"1211\">En Solventa6 volvemos de Intersolar con nuevas ideas, nuevos contactos y mucha motivaci\u00f3n para seguir trabajando hacia un modelo energ\u00e9tico m\u00e1s verde, resiliente e inteligente.<\/p>\n<p data-start=\"1213\" data-end=\"1261\"><strong>Seguimos avanzando por un futuro m\u00e1s sostenible<\/strong>.<\/p>\n","protected":false},"excerpt":{"rendered":"<p>Del 6 al 9 de mayo, una parte del equipo de Solventa6 se desplaz\u00f3 hasta M\u00fanich (Alemania) para asistir a Intersolar Europe 2025, una de las ferias m\u00e1s relevantes del&#8230;<\/p>\n","protected":false},"author":4,"featured_media":4264,"comment_status":"closed","ping_status":"closed","sticky":false,"template":"","format":"standard","meta":{"_joinchat":[],"footnotes":""},"categories":[59],"tags":[216,264,242,138,132,224,223,341,139,214,342],"class_list":{"0":"post-4269","1":"post","2":"type-post","3":"status-publish","4":"format-standard","5":"has-post-thumbnail","7":"category-actualidad-corporativa","8":"tag-autoconsumo","9":"tag-energia-solar-es","10":"tag-energias-renovables","11":"tag-epc","12":"tag-fotovoltaica","13":"tag-fotovoltaica-empresa","14":"tag-fotovoltaica-industrial","15":"tag-futuro","16":"tag-instalacion-placas","17":"tag-proyecto","18":"tag-tendencias"},"_links":{"self":[{"href":"https:\/\/www.solventa6.com\/es\/wp-json\/wp\/v2\/posts\/4269","targetHints":{"allow":["GET"]}}],"collection":[{"href":"https:\/\/www.solventa6.com\/es\/wp-json\/wp\/v2\/posts"}],"about":[{"href":"https:\/\/www.solventa6.com\/es\/wp-json\/wp\/v2\/types\/post"}],"author":[{"embeddable":true,"href":"https:\/\/www.solventa6.com\/es\/wp-json\/wp\/v2\/users\/4"}],"replies":[{"embeddable":true,"href":"https:\/\/www.solventa6.com\/es\/wp-json\/wp\/v2\/comments?post=4269"}],"version-history":[{"count":1,"href":"https:\/\/www.solventa6.com\/es\/wp-json\/wp\/v2\/posts\/4269\/revisions"}],"predecessor-version":[{"id":4271,"href":"https:\/\/www.solventa6.com\/es\/wp-json\/wp\/v2\/posts\/4269\/revisions\/4271"}],"wp:featuredmedia":[{"embeddable":true,"href":"https:\/\/www.solventa6.com\/es\/wp-json\/wp\/v2\/media\/4264"}],"wp:attachment":[{"href":"https:\/\/www.solventa6.com\/es\/wp-json\/wp\/v2\/media?parent=4269"}],"wp:term":[{"taxonomy":"category","embeddable":true,"href":"https:\/\/www.solventa6.com\/es\/wp-json\/wp\/v2\/categories?post=4269"},{"taxonomy":"post_tag","embeddable":true,"href":"https:\/\/www.solventa6.com\/es\/wp-json\/wp\/v2\/tags?post=4269"}],"curies":[{"name":"wp","href":"https:\/\/api.w.org\/{rel}","templated":true}]}}