{"id":4338,"date":"2025-06-11T13:11:37","date_gmt":"2025-06-11T11:11:37","guid":{"rendered":"https:\/\/www.solventa6.com\/nova-convocatoria-dajudes-per-a-bateries-solars-fins-al-85-de-subvencio\/"},"modified":"2025-06-25T11:07:50","modified_gmt":"2025-06-25T09:07:50","slug":"nueva-convocatoria-de-ayudas-para-baterias-solares-hasta-el-85-de-subvencion","status":"publish","type":"post","link":"https:\/\/www.solventa6.com\/es\/nueva-convocatoria-de-ayudas-para-baterias-solares-hasta-el-85-de-subvencion\/","title":{"rendered":"Nueva convocatoria de ayudas para bater\u00edas solares: hasta el 85% de subvenci\u00f3n"},"content":{"rendered":"<p data-start=\"107\" data-end=\"536\">El Ministerio para la Transici\u00f3n Ecol\u00f3gica ha abierto, a trav\u00e9s del IDAE y con fondos europeos FEDER, una nueva convocatoria de ayudas para<strong> impulsar proyectos de almacenamiento energ\u00e9tico<\/strong> innovador vinculados a fuentes de energ\u00eda renovable.<br data-start=\"432\" data-end=\"435\" \/>Esta l\u00ednea forma parte del PERTE de energ\u00edas renovables, hidr\u00f3geno renovable y almacenamiento (ERHA).<\/p>\n<p data-start=\"538\" data-end=\"748\"><strong data-start=\"538\" data-end=\"617\">Plazo para presentar solicitudes: hasta el 15 de julio de 2025 a las 14:00h<\/strong><br data-start=\"617\" data-end=\"620\" \/>Las ayudas se conceden por concurrencia competitiva, por lo que la calidad t\u00e9cnica y el orden de presentaci\u00f3n son determinantes.<\/p>\n<p data-start=\"750\" data-end=\"1027\"><strong data-start=\"750\" data-end=\"800\">\u00bfQu\u00e9 se puede subvencionar y requisitos clave?<\/strong><\/p>\n<ul>\n<li data-start=\"1053\" data-end=\"1112\"><strong>Solo se subvenciona la bater\u00eda<\/strong> (sistema de almacenamiento).<\/li>\n<li data-start=\"1115\" data-end=\"1154\"><strong>Coste m\u00e1ximo subvencionable<\/strong>: 250 \u20ac\/kWh.<\/li>\n<li data-start=\"1157\" data-end=\"1270\">El <strong>sistema debe estar hibridado con energ\u00edas renovables<\/strong> (no se aceptan f\u00f3siles, aerotermia ni sistemas off-grid).<\/li>\n<li data-start=\"1273\" data-end=\"1350\">Se requiere una <strong>capacidad m\u00ednima de bater\u00eda<\/strong> para ajustarse a la convocatoria.<\/li>\n<li data-start=\"1353\" data-end=\"1483\"><strong>Tipos de empresas elegibles<\/strong>: Grandes consumidores industriales, pymes con autoconsumo y entidades con proyectos de almacenamiento.<\/li>\n<li data-start=\"1486\" data-end=\"1604\"><strong>Requisitos de ciberseguridad<\/strong>: Los servidores deben estar ubicados en la UE y cumplir con las normativas NIS2\/311\/2022.<\/li>\n<li data-start=\"1607\" data-end=\"1649\">El <strong>porcentaje de ayuda depende de la zona:<\/strong><\/li>\n<\/ul>\n<p data-start=\"1651\" data-end=\"1825\"><img loading=\"lazy\" decoding=\"async\" class=\"alignnone size-full wp-image-4358\" src=\"https:\/\/www.solventa6.com\/wp-content\/uploads\/2025\/06\/2.jpg\" alt=\"\" width=\"2000\" height=\"1414\" srcset=\"https:\/\/www.solventa6.com\/wp-content\/uploads\/2025\/06\/2.jpg 2000w, https:\/\/www.solventa6.com\/wp-content\/uploads\/2025\/06\/2-300x212.jpg 300w, https:\/\/www.solventa6.com\/wp-content\/uploads\/2025\/06\/2-1024x724.jpg 1024w, https:\/\/www.solventa6.com\/wp-content\/uploads\/2025\/06\/2-768x543.jpg 768w, https:\/\/www.solventa6.com\/wp-content\/uploads\/2025\/06\/2-1536x1086.jpg 1536w\" sizes=\"auto, (max-width: 2000px) 100vw, 2000px\" \/><strong data-start=\"1651\" data-end=\"1706\">Criterios para mejorar la puntuaci\u00f3n de tu proyecto<\/strong><br data-start=\"1706\" data-end=\"1709\" \/>Adem\u00e1s de los requisitos b\u00e1sicos, tu proyecto puede obtener una mayor puntuaci\u00f3n si cumple los siguientes criterios:<\/p>\n<ul>\n<li data-start=\"1828\" data-end=\"1880\"><strong>Fabricaci\u00f3n europea de la bater\u00eda<\/strong> o sus componentes.<\/li>\n<li data-start=\"1883\" data-end=\"1978\"><strong>Permisos tramitados antes de 2025<\/strong>: punto de acceso, DIA, licencia de obras, uso del suelo, etc.<\/li>\n<li data-start=\"1981\" data-end=\"2152\"><strong>Contribuci\u00f3n a la cadena de valor y resiliencia industrial europea<\/strong>: se requiere un m\u00ednimo de 3 puntos en este apartado; los proyectos que no lo alcancen ser\u00e1n descartados.<\/li>\n<li data-start=\"2155\" data-end=\"2219\"><strong>Ubicaci\u00f3n en zona prioritaria por REE<\/strong> (Red El\u00e9ctrica de Espa\u00f1a).<\/li>\n<li data-start=\"2222\" data-end=\"2334\"><strong>Sistemas con capacidades <em>grid-forming<\/em><\/strong>: se valoran las innovaciones tecnol\u00f3gicas que permiten estabilizar la red.<\/li>\n<\/ul>\n<p data-start=\"2336\" data-end=\"2471\"><strong data-start=\"2336\" data-end=\"2367\">\u00bfQu\u00e9 hace Solventa6 por ti?<\/strong><br data-start=\"2367\" data-end=\"2370\" \/>Como ingenier\u00eda especializada en energ\u00edas renovables, en Solventa6 nos encargamos de TODO el proceso:<\/p>\n<ul>\n<li data-start=\"2474\" data-end=\"2542\"><strong>Dise\u00f1amos el sistema de almacenamiento<\/strong> m\u00e1s adecuado para tu empresa.<\/li>\n<li data-start=\"2545\" data-end=\"2603\"><strong>Preparamos toda la documentaci\u00f3n<\/strong> t\u00e9cnica y administrativa.<\/li>\n<li data-start=\"2606\" data-end=\"2675\"><strong>Tramitamos la solicitud<\/strong> optimizada para obtener la m\u00e1xima puntuaci\u00f3n.<\/li>\n<li data-start=\"2678\" data-end=\"2736\"><strong>Implementamos el proyecto<\/strong>: instalaci\u00f3n y puesta en marcha.<\/li>\n<\/ul>\n<p>Solo tienes que decirnos que te interesa. Nosotros nos ocupamos del resto.<\/p>\n<p data-start=\"2814\" data-end=\"2969\"><strong data-start=\"2814\" data-end=\"2870\"><img loading=\"lazy\" decoding=\"async\" class=\"alignnone size-full wp-image-4455\" src=\"https:\/\/www.solventa6.com\/wp-content\/uploads\/2025\/06\/7.jpg\" alt=\"\" width=\"2000\" height=\"1414\" srcset=\"https:\/\/www.solventa6.com\/wp-content\/uploads\/2025\/06\/7.jpg 2000w, https:\/\/www.solventa6.com\/wp-content\/uploads\/2025\/06\/7-300x212.jpg 300w, https:\/\/www.solventa6.com\/wp-content\/uploads\/2025\/06\/7-1024x724.jpg 1024w, https:\/\/www.solventa6.com\/wp-content\/uploads\/2025\/06\/7-768x543.jpg 768w, https:\/\/www.solventa6.com\/wp-content\/uploads\/2025\/06\/7-1536x1086.jpg 1536w\" sizes=\"auto, (max-width: 2000px) 100vw, 2000px\" \/>\u00bfQuieres saber si tu empresa puede optar a la ayuda?<\/strong><br data-start=\"2870\" data-end=\"2873\" \/>Cont\u00e1ctanos hoy mismo y te ofrecemos un an\u00e1lisis gratuito de viabilidad:<\/p>\n<p data-start=\"2814\" data-end=\"2969\"><a href=\"mailto:info@solventa6.com\" rel=\"noopener\">info@solventa6.com<\/a><\/p>\n<p>M\u00e1s informaci\u00f3:<br \/>\n<a href=\"https:\/\/www.idae.es\/noticias\/el-idae-lanza-700-millones-en-ayudas-para-almacenamiento-energetico-gran-escala\" target=\"_blank\" rel=\"noopener\" data-saferedirecturl=\"https:\/\/www.google.com\/url?q=https:\/\/www.idae.es\/noticias\/el-idae-lanza-700-millones-en-ayudas-para-almacenamiento-energetico-gran-escala&amp;source=gmail&amp;ust=1749651433065000&amp;usg=AOvVaw2KdVzzrk89eDmhEOwYB7bi\">El IDAE lanza 700 millones en ayudas para almacenamiento energ\u00e9tico a gran escala | Idae<\/a><\/p>\n<p><a href=\"https:\/\/www.boe.es\/boe\/dias\/2025\/05\/29\/pdfs\/BOE-A-2025-10668.pdf\" target=\"_blank\" rel=\"noopener\" data-saferedirecturl=\"https:\/\/www.google.com\/url?q=https:\/\/www.boe.es\/boe\/dias\/2025\/05\/29\/pdfs\/BOE-A-2025-10668.pdf&amp;source=gmail&amp;ust=1749651433065000&amp;usg=AOvVaw1mScdKDl-KLP50aPLS7psm\">Disposici\u00f3n 10668 del BOE n\u00fam. 129 de 2025<\/a><\/p>\n","protected":false},"excerpt":{"rendered":"<p>El Ministerio para la Transici\u00f3n Ecol\u00f3gica ha abierto, a trav\u00e9s del IDAE y con fondos europeos FEDER, una nueva convocatoria de ayudas para impulsar proyectos de almacenamiento energ\u00e9tico innovador vinculados&#8230;<\/p>\n","protected":false},"author":4,"featured_media":4320,"comment_status":"closed","ping_status":"closed","sticky":false,"template":"","format":"standard","meta":{"_joinchat":[],"footnotes":""},"categories":[59,41],"tags":[357,216,362,361,295,233,305,358,264,242,138,307,132,238,359,128,139,377,241,214,360,363],"class_list":{"0":"post-4338","1":"post","2":"type-post","3":"status-publish","4":"format-standard","5":"has-post-thumbnail","7":"category-actualidad-corporativa","8":"category-actualidad-del-sector","9":"tag-ajudes-es","10":"tag-autoconsumo","11":"tag-ayudas","12":"tag-baterias","13":"tag-bateries-es","14":"tag-claus-en-ma-es","15":"tag-electricidad","16":"tag-emmagatzematge-es","17":"tag-energia-solar-es","18":"tag-energias-renovables","19":"tag-epc","20":"tag-espana","21":"tag-fotovoltaica","22":"tag-gestio-integral-es","23":"tag-idae-es","24":"tag-ingenieria","25":"tag-instalacion-placas","26":"tag-projecte-dobra-es-2","27":"tag-projecte-fotovoltaica-es","28":"tag-proyecto","29":"tag-subvencio-es","30":"tag-subvenciones"},"_links":{"self":[{"href":"https:\/\/www.solventa6.com\/es\/wp-json\/wp\/v2\/posts\/4338","targetHints":{"allow":["GET"]}}],"collection":[{"href":"https:\/\/www.solventa6.com\/es\/wp-json\/wp\/v2\/posts"}],"about":[{"href":"https:\/\/www.solventa6.com\/es\/wp-json\/wp\/v2\/types\/post"}],"author":[{"embeddable":true,"href":"https:\/\/www.solventa6.com\/es\/wp-json\/wp\/v2\/users\/4"}],"replies":[{"embeddable":true,"href":"https:\/\/www.solventa6.com\/es\/wp-json\/wp\/v2\/comments?post=4338"}],"version-history":[{"count":3,"href":"https:\/\/www.solventa6.com\/es\/wp-json\/wp\/v2\/posts\/4338\/revisions"}],"predecessor-version":[{"id":4466,"href":"https:\/\/www.solventa6.com\/es\/wp-json\/wp\/v2\/posts\/4338\/revisions\/4466"}],"wp:featuredmedia":[{"embeddable":true,"href":"https:\/\/www.solventa6.com\/es\/wp-json\/wp\/v2\/media\/4320"}],"wp:attachment":[{"href":"https:\/\/www.solventa6.com\/es\/wp-json\/wp\/v2\/media?parent=4338"}],"wp:term":[{"taxonomy":"category","embeddable":true,"href":"https:\/\/www.solventa6.com\/es\/wp-json\/wp\/v2\/categories?post=4338"},{"taxonomy":"post_tag","embeddable":true,"href":"https:\/\/www.solventa6.com\/es\/wp-json\/wp\/v2\/tags?post=4338"}],"curies":[{"name":"wp","href":"https:\/\/api.w.org\/{rel}","templated":true}]}}