{"id":5623,"date":"2026-02-20T09:50:44","date_gmt":"2026-02-20T08:50:44","guid":{"rendered":"https:\/\/www.solventa6.com\/energia-solar-24-hores-la-nova-generacio-de-plantes-solars-intelligents\/"},"modified":"2026-02-20T09:54:39","modified_gmt":"2026-02-20T08:54:39","slug":"energia-solar-24-horas-la-nueva-generacion-de-plantas-solares-inteligentes","status":"publish","type":"post","link":"https:\/\/www.solventa6.com\/es\/energia-solar-24-horas-la-nueva-generacion-de-plantas-solares-inteligentes\/","title":{"rendered":"Energ\u00eda solar 24 horas: la nueva generaci\u00f3n de plantas solares inteligentes"},"content":{"rendered":"[vc_row type=\u00bbin_container\u00bb full_screen_row_position=\u00bbmiddle\u00bb column_margin=\u00bbdefault\u00bb column_direction=\u00bbdefault\u00bb column_direction_tablet=\u00bbdefault\u00bb column_direction_phone=\u00bbdefault\u00bb scene_position=\u00bbcenter\u00bb text_color=\u00bbdark\u00bb text_align=\u00bbleft\u00bb row_border_radius=\u00bbnone\u00bb row_border_radius_applies=\u00bbbg\u00bb overflow=\u00bbvisible\u00bb overlay_strength=\u00bb0.3&#8243; gradient_direction=\u00bbleft_to_right\u00bb shape_divider_position=\u00bbbottom\u00bb bg_image_animation=\u00bbnone\u00bb][vc_column column_padding=\u00bbno-extra-padding\u00bb column_padding_tablet=\u00bbinherit\u00bb column_padding_phone=\u00bbinherit\u00bb column_padding_position=\u00bball\u00bb column_element_direction_desktop=\u00bbdefault\u00bb column_element_spacing=\u00bbdefault\u00bb desktop_text_alignment=\u00bbdefault\u00bb tablet_text_alignment=\u00bbdefault\u00bb phone_text_alignment=\u00bbdefault\u00bb background_color_opacity=\u00bb1&#8243; background_hover_color_opacity=\u00bb1&#8243; column_backdrop_filter=\u00bbnone\u00bb column_shadow=\u00bbnone\u00bb column_border_radius=\u00bbnone\u00bb column_link_target=\u00bb_self\u00bb column_position=\u00bbdefault\u00bb gradient_direction=\u00bbleft_to_right\u00bb overlay_strength=\u00bb0.3&#8243; width=\u00bb1\/1&#8243; tablet_width_inherit=\u00bbdefault\u00bb animation_type=\u00bbdefault\u00bb bg_image_animation=\u00bbnone\u00bb border_type=\u00bbsimple\u00bb column_border_width=\u00bbnone\u00bb column_border_style=\u00bbsolid\u00bb][vc_column_text css=\u00bb\u00bb text_direction=\u00bbdefault\u00bb]\n<p data-start=\"271\" data-end=\"412\">Cuando una empresa se plantea una planta o un parque solar, casi siempre aparece la misma pregunta: <strong data-start=\"371\" data-end=\"412\">\u201c\u00bfY cuando se pone el sol, qu\u00e9 pasa?\u201d<\/strong><\/p>\n<p data-start=\"414\" data-end=\"705\">Durante a\u00f1os hemos asociado la energ\u00eda solar exclusivamente a las horas de luz. Si no hay sol, no hay producci\u00f3n. Pero hoy esta visi\u00f3n ya es incompleta. El debate no es si podemos producir energ\u00eda de noche. El debate es si sabemos <strong data-start=\"645\" data-end=\"705\">gestionar bien la energ\u00eda que producimos durante el d\u00eda.<\/strong><\/p>\n<p data-start=\"707\" data-end=\"975\">En una instalaci\u00f3n industrial, las horas centrales del d\u00eda generan grandes vol\u00famenes de energ\u00eda. A menudo, m\u00e1s de la que se consume en ese momento. Estos excedentes se venden a un precio bajo o simplemente no se optimizan como deber\u00edan. Y ah\u00ed es donde se pierde valor.<\/p>\n<p data-start=\"977\" data-end=\"1284\">Del mismo modo, un parque solar no deber\u00eda ser solo una instalaci\u00f3n que produce cuando hay radiaci\u00f3n. Deber\u00eda ser una <strong data-start=\"1095\" data-end=\"1233\">infraestructura energ\u00e9tica capaz de adaptarse al ritmo de la empresa, a los precios del mercado y a las necesidades reales de consumo.<\/strong> Y eso solo es posible con almacenamiento <strong data-start=\"1275\" data-end=\"1284\">BESS.<\/strong><\/p>\n<p data-start=\"1286\" data-end=\"1600\">Los <strong data-start=\"1290\" data-end=\"1331\">BESS (Battery Energy Storage Systems)<\/strong> permiten capturar la energ\u00eda sobrante de las horas de m\u00e1xima producci\u00f3n y utilizarla cuando realmente aporta m\u00e1s valor: <strong data-start=\"1452\" data-end=\"1520\">por la noche, en franjas caras o en momentos de pico de demanda.<\/strong> No se trata solo de guardar energ\u00eda. Se trata de <strong data-start=\"1570\" data-end=\"1600\">decidir cu\u00e1ndo utilizarla.<\/strong><\/p>\n<p data-start=\"1602\" data-end=\"1928\">Cuando un parque solar integra un sistema de almacenamiento bien dimensionado, deja de ser una fuente de producci\u00f3n puntual y se convierte en un <strong data-start=\"1747\" data-end=\"1780\">sistema gestionable 24 horas.<\/strong> La industria puede reducir la dependencia de la red, estabilizar costes, reducir picos de potencia contratada y mejorar el retorno de la inversi\u00f3n.<\/p>\n<p data-start=\"1930\" data-end=\"2067\">En un contexto de volatilidad energ\u00e9tica, <strong data-start=\"1972\" data-end=\"2067\">tener capacidad de almacenar es tener control. Y el control, en energ\u00eda, es competitividad.<\/strong><\/p>\n<p data-start=\"2069\" data-end=\"2352\">En Solventa6 no integramos bater\u00edas porque sean una tendencia. Las integramos porque <strong data-start=\"2154\" data-end=\"2197\">los datos demuestran que son rentables.<\/strong> Analizamos el perfil de consumo real de cada empresa, simulamos escenarios econ\u00f3micos y dimensionamos el almacenamiento con criterio t\u00e9cnico y financiero.<\/p>\n<p data-start=\"2354\" data-end=\"2430\"><strong data-start=\"2354\" data-end=\"2430\">Somos ingenier\u00eda, y eso significa que cada decisi\u00f3n tiene un fundamento.<\/strong><\/p>\n<p data-start=\"2432\" data-end=\"2521\">Hacer que un parque solar inyecte energ\u00eda por la noche no es magia. <strong data-start=\"2500\" data-end=\"2521\">Es planificaci\u00f3n.<\/strong><\/p>\n<p data-start=\"2523\" data-end=\"2689\">Las empresas que hoy apuestan por integrar BESS no solo est\u00e1n mejorando su instalaci\u00f3n. <strong data-start=\"2611\" data-end=\"2689\">Est\u00e1n redefiniendo su estrategia energ\u00e9tica para aumentar la rentabilidad.<\/strong><\/p>\n<p data-start=\"2691\" data-end=\"2824\">Si est\u00e1s valorando un parque solar o una planta en cubierta, o quieres optimizar lo que ya tienes, <strong data-start=\"2790\" data-end=\"2824\">en Solventa6 podemos ayudarte.<\/strong><\/p>\n[\/vc_column_text][\/vc_column][\/vc_row]\n","protected":false},"excerpt":{"rendered":"<p>[vc_row type=\u00bbin_container\u00bb full_screen_row_position=\u00bbmiddle\u00bb column_margin=\u00bbdefault\u00bb column_direction=\u00bbdefault\u00bb column_direction_tablet=\u00bbdefault\u00bb column_direction_phone=\u00bbdefault\u00bb scene_position=\u00bbcenter\u00bb text_color=\u00bbdark\u00bb text_align=\u00bbleft\u00bb row_border_radius=\u00bbnone\u00bb row_border_radius_applies=\u00bbbg\u00bb overflow=\u00bbvisible\u00bb overlay_strength=\u00bb0.3&#8243; gradient_direction=\u00bbleft_to_right\u00bb shape_divider_position=\u00bbbottom\u00bb bg_image_animation=\u00bbnone\u00bb][vc_column column_padding=\u00bbno-extra-padding\u00bb column_padding_tablet=\u00bbinherit\u00bb column_padding_phone=\u00bbinherit\u00bb column_padding_position=\u00bball\u00bb column_element_direction_desktop=\u00bbdefault\u00bb column_element_spacing=\u00bbdefault\u00bb desktop_text_alignment=\u00bbdefault\u00bb tablet_text_alignment=\u00bbdefault\u00bb phone_text_alignment=\u00bbdefault\u00bb background_color_opacity=\u00bb1&#8243; background_hover_color_opacity=\u00bb1&#8243; column_backdrop_filter=\u00bbnone\u00bb column_shadow=\u00bbnone\u00bb&#8230;<\/p>\n","protected":false},"author":4,"featured_media":5620,"comment_status":"closed","ping_status":"closed","sticky":false,"template":"","format":"standard","meta":{"_joinchat":[],"footnotes":""},"categories":[41],"tags":[800,803,793,794,223,802,797,804,801],"class_list":{"0":"post-5623","1":"post","2":"type-post","3":"status-publish","4":"format-standard","5":"has-post-thumbnail","7":"category-actualidad-del-sector","8":"tag-almacenamiento-energetico","9":"tag-autoconsumo-industrial","10":"tag-bess-es","11":"tag-eficiencia-energetica-industrial-es","12":"tag-fotovoltaica-industrial","13":"tag-gestion-energetica","14":"tag-independencia-energetica-es","15":"tag-optimizacion-energetica","16":"tag-parques-solares-inteligentes"},"_links":{"self":[{"href":"https:\/\/www.solventa6.com\/es\/wp-json\/wp\/v2\/posts\/5623","targetHints":{"allow":["GET"]}}],"collection":[{"href":"https:\/\/www.solventa6.com\/es\/wp-json\/wp\/v2\/posts"}],"about":[{"href":"https:\/\/www.solventa6.com\/es\/wp-json\/wp\/v2\/types\/post"}],"author":[{"embeddable":true,"href":"https:\/\/www.solventa6.com\/es\/wp-json\/wp\/v2\/users\/4"}],"replies":[{"embeddable":true,"href":"https:\/\/www.solventa6.com\/es\/wp-json\/wp\/v2\/comments?post=5623"}],"version-history":[{"count":2,"href":"https:\/\/www.solventa6.com\/es\/wp-json\/wp\/v2\/posts\/5623\/revisions"}],"predecessor-version":[{"id":5625,"href":"https:\/\/www.solventa6.com\/es\/wp-json\/wp\/v2\/posts\/5623\/revisions\/5625"}],"wp:featuredmedia":[{"embeddable":true,"href":"https:\/\/www.solventa6.com\/es\/wp-json\/wp\/v2\/media\/5620"}],"wp:attachment":[{"href":"https:\/\/www.solventa6.com\/es\/wp-json\/wp\/v2\/media?parent=5623"}],"wp:term":[{"taxonomy":"category","embeddable":true,"href":"https:\/\/www.solventa6.com\/es\/wp-json\/wp\/v2\/categories?post=5623"},{"taxonomy":"post_tag","embeddable":true,"href":"https:\/\/www.solventa6.com\/es\/wp-json\/wp\/v2\/tags?post=5623"}],"curies":[{"name":"wp","href":"https:\/\/api.w.org\/{rel}","templated":true}]}}