{"id":5693,"date":"2026-03-11T10:19:04","date_gmt":"2026-03-11T09:19:04","guid":{"rendered":"https:\/\/www.solventa6.com\/el-mercat-energetic-confirma-la-tendencia-dades-reals-i-escenaris-per-als-proxims-mesos\/"},"modified":"2026-03-19T09:36:20","modified_gmt":"2026-03-19T08:36:20","slug":"el-mercado-energetico-confirma-la-tendencia-datos-reales-y-escenarios-para-los-proximos-meses","status":"publish","type":"post","link":"https:\/\/www.solventa6.com\/es\/el-mercado-energetico-confirma-la-tendencia-datos-reales-y-escenarios-para-los-proximos-meses\/","title":{"rendered":"El mercado energ\u00e9tico confirma la tendencia: datos reales y escenarios para los pr\u00f3ximos meses"},"content":{"rendered":"[vc_row type=\u00bbin_container\u00bb full_screen_row_position=\u00bbmiddle\u00bb column_margin=\u00bbdefault\u00bb column_direction=\u00bbdefault\u00bb column_direction_tablet=\u00bbdefault\u00bb column_direction_phone=\u00bbdefault\u00bb scene_position=\u00bbcenter\u00bb text_color=\u00bbdark\u00bb text_align=\u00bbleft\u00bb row_border_radius=\u00bbnone\u00bb row_border_radius_applies=\u00bbbg\u00bb overflow=\u00bbvisible\u00bb overlay_strength=\u00bb0.3&#8243; gradient_direction=\u00bbleft_to_right\u00bb shape_divider_position=\u00bbbottom\u00bb bg_image_animation=\u00bbnone\u00bb][vc_column column_padding=\u00bbno-extra-padding\u00bb column_padding_tablet=\u00bbinherit\u00bb column_padding_phone=\u00bbinherit\u00bb column_padding_position=\u00bball\u00bb column_element_direction_desktop=\u00bbdefault\u00bb column_element_spacing=\u00bbdefault\u00bb desktop_text_alignment=\u00bbdefault\u00bb tablet_text_alignment=\u00bbdefault\u00bb phone_text_alignment=\u00bbdefault\u00bb background_color_opacity=\u00bb1&#8243; background_hover_color_opacity=\u00bb1&#8243; column_backdrop_filter=\u00bbnone\u00bb column_shadow=\u00bbnone\u00bb column_border_radius=\u00bbnone\u00bb column_link_target=\u00bb_self\u00bb column_position=\u00bbdefault\u00bb gradient_direction=\u00bbleft_to_right\u00bb overlay_strength=\u00bb0.3&#8243; width=\u00bb1\/1&#8243; tablet_width_inherit=\u00bbdefault\u00bb animation_type=\u00bbdefault\u00bb bg_image_animation=\u00bbnone\u00bb border_type=\u00bbsimple\u00bb column_border_width=\u00bbnone\u00bb column_border_style=\u00bbsolid\u00bb][vc_column_text css=\u00bb\u00bb text_direction=\u00bbdefault\u00bb]\n<p data-start=\"230\" data-end=\"810\">Hace unos d\u00edas public\u00e1bamos en LinkedIn una reflexi\u00f3n sobre el<strong> <a href=\"https:\/\/www.linkedin.com\/feed\/update\/urn:li:activity:7434876617782550529\/\">impacto que el conflicto en Oriente Medio podr\u00eda tener en el precio de la energ\u00eda<\/a><\/strong> y c\u00f3mo esta situaci\u00f3n podr\u00eda afectar tanto a empresas como a consumidores. En estos momentos, con los <strong>datos reales del mercado registrados en las \u00faltimas semanas,<\/strong> podemos empezar a ver que los primeros movimientos del mercado <strong>van en la direcci\u00f3n que apunt\u00e1bamos<\/strong>. Los mercados energ\u00e9ticos reaccionan muy r\u00e1pidamente a la incertidumbre geopol\u00edtica, especialmente cuando esta afecta a regiones clave para el suministro energ\u00e9tico mundial.<\/p>\n<p data-start=\"812\" data-end=\"900\">Las \u00faltimas referencias de los mercados energ\u00e9ticos muestran una tensi\u00f3n en los precios:<\/p>\n<ul>\n<li data-start=\"902\" data-end=\"1020\"><strong>Gas TTF:<\/strong> 50 \u2013 55 \u20ac\/MWh<\/li>\n<li data-start=\"902\" data-end=\"1020\"><strong>Mercado el\u00e9ctrico OMIE esperado:<\/strong> 60 \u2013 85 \u20ac\/MWh<\/li>\n<li data-start=\"902\" data-end=\"1020\"><strong>Petr\u00f3leo Brent:<\/strong> 90 \u2013 100 $\/barril<\/li>\n<\/ul>\n<p data-start=\"1022\" data-end=\"1221\">Estos datos indican un escenario de <strong>elevada volatilidad<\/strong>, donde los precios pueden experimentar subidas puntuales importantes. Esta volatilidad se observa especialmente en el mercado el\u00e9ctrico diario.<\/p>\n[\/vc_column_text][image_with_animation image_url=\u00bb5695&#8243; image_size=\u00bbmedium_large\u00bb animation_type=\u00bbentrance\u00bb animation=\u00bbNone\u00bb animation_movement_type=\u00bbtransform_y\u00bb hover_animation=\u00bbnone\u00bb alignment=\u00bb\u00bb border_radius=\u00bbnone\u00bb box_shadow=\u00bbnone\u00bb image_loading=\u00bbdefault\u00bb max_width=\u00bb100%\u00bb max_width_mobile=\u00bbdefault\u00bb][image_with_animation image_size=\u00bbfull\u00bb animation_type=\u00bbentrance\u00bb animation=\u00bbNone\u00bb animation_movement_type=\u00bbtransform_y\u00bb hover_animation=\u00bbnone\u00bb alignment=\u00bb\u00bb border_radius=\u00bbnone\u00bb box_shadow=\u00bbnone\u00bb image_loading=\u00bbdefault\u00bb max_width=\u00bb100%\u00bb max_width_mobile=\u00bbdefault\u00bb][vc_column_text css=\u00bb\u00bb text_direction=\u00bbdefault\u00bb]<em>Fuente: OMIE \u2013 evoluci\u00f3n del precio spot del mercado el\u00e9ctrico.<\/em>[\/vc_column_text][vc_column_text css=\u00bb\u00bb text_direction=\u00bbdefault\u00bb]\n<p data-start=\"1292\" data-end=\"1628\">El gr\u00e1fico muestra c\u00f3mo, en las \u00faltimas semanas, el mercado presenta <strong>picos cada vez m\u00e1s pronunciados<\/strong>, reflejo de un sistema energ\u00e9tico sensible a cualquier factor de tensi\u00f3n. Esta situaci\u00f3n es relevante porque <strong>no solo aumenta el precio medio<\/strong>, sino tambi\u00e9n el <strong>spread energ\u00e9tico<\/strong>, es decir, la diferencia entre horas baratas y horas caras.<\/p>\n<h3 data-start=\"1630\" data-end=\"1659\"><strong data-start=\"1630\" data-end=\"1659\">Tres posibles escenarios:<\/strong><\/h3>\n<p data-start=\"1661\" data-end=\"1992\">A corto y medio plazo, la evoluci\u00f3n del precio de la energ\u00eda depender\u00e1 principalmente de la <strong>duraci\u00f3n del conflicto y de la tensi\u00f3n en los mercados internacionales.<\/strong> Actualmente, la hip\u00f3tesis m\u00e1s probable que plantean muchos analistas es <strong>un conflicto de entre 3 y 6 meses<\/strong>. A partir de ah\u00ed podemos sintetizar tres escenarios posibles:<\/p>\n<ol>\n<li data-start=\"1994\" data-end=\"2104\"><strong data-start=\"1994\" data-end=\"2037\">Escenario 1 \u2014 Conflicto corto (2 meses)<\/strong><\/li>\n<\/ol>\n<p>Incremento moderado de los precios energ\u00e9ticos. Posible impacto:<\/p>\n<ul>\n<li data-start=\"2106\" data-end=\"2220\"><strong>Benzina:<\/strong> +5% a +8%<\/li>\n<li data-start=\"2106\" data-end=\"2220\"><strong>Gas:<\/strong> +10% a +15%<\/li>\n<li data-start=\"2106\" data-end=\"2220\"><strong>Electricidad particular:<\/strong> +10% a +15%<\/li>\n<li data-start=\"2106\" data-end=\"2220\"><strong>Electricidad empresa:<\/strong> +12% a +18%<\/li>\n<\/ul>\n<p data-start=\"2222\" data-end=\"2296\">El impacto se notar\u00eda durante aproximadamente <strong>2 o 3 meses en las facturas.<\/strong><\/p>\n<p><strong data-start=\"2298\" data-end=\"2341\">\u00a0 \u00a0 \u00a0 \u00a02. Escenario 2 \u2014 Conflicto medio (4 meses)<\/strong><\/p>\n<p>Este es uno de los escenarios m\u00e1s plausibles. Impacto probable:<\/p>\n<ul>\n<li data-start=\"2409\" data-end=\"2525\"><strong>Benzina:<\/strong> +10% a +15%<\/li>\n<li data-start=\"2409\" data-end=\"2525\"><strong>Gas:<\/strong> +15% a +25%<\/li>\n<li data-start=\"2409\" data-end=\"2525\"><strong>Electricidad particular:<\/strong> +20% a +30%<\/li>\n<li data-start=\"2409\" data-end=\"2525\"><strong>Electricidad empresa:<\/strong> +25% a +30%<\/li>\n<\/ul>\n<p data-start=\"2527\" data-end=\"2658\">Las facturas podr\u00edan mantenerse elevadas durante<strong> 4 a 6 meses,<\/strong> ya que los mercados energ\u00e9ticos suelen reaccionar con cierto retraso.<\/p>\n<p data-start=\"2660\" data-end=\"2821\"><strong data-start=\"2660\" data-end=\"2708\">\u00a0 \u00a0 \u00a0 \u00a0 3. Escenario 3 \u2014 Conflicto prolongado (6 meses)<\/strong><\/p>\n<p data-start=\"2660\" data-end=\"2821\">En este escenario los mercados energ\u00e9ticos podr\u00edan entrar en una fase de tensi\u00f3n estructural. Posible impacto:<\/p>\n<ul>\n<li data-start=\"2823\" data-end=\"2925\"><strong>Benzina:<\/strong> +20%<\/li>\n<li data-start=\"2823\" data-end=\"2925\"><strong>Gas:<\/strong> +30%<\/li>\n<li data-start=\"2823\" data-end=\"2925\"><strong>Electricidad particular:<\/strong> +30% a +40%<\/li>\n<li data-start=\"2823\" data-end=\"2925\"><strong>Electricidad empresa:<\/strong> +35% a +45%<\/li>\n<\/ul>\n<p data-start=\"2927\" data-end=\"2990\">En este caso, el impacto podr\u00eda prolongarse hasta <strong>9 o 12 meses.<\/strong><\/p>\n<h3 data-start=\"2992\" data-end=\"3022\"><strong data-start=\"2992\" data-end=\"3022\">\u00bfC\u00f3mo me afecta realmente?<\/strong><\/h3>\n<ul>\n<li data-start=\"3024\" data-end=\"3044\"><strong data-start=\"3024\" data-end=\"3044\">Caso residencial<\/strong><\/li>\n<\/ul>\n<p data-start=\"3046\" data-end=\"3158\">Una familia que actualmente paga <strong>150 \u20ac al mes de electricidad<\/strong> podr\u00eda pasar a pagar aproximadamente<strong> 200 \u20ac al mes.<\/strong><\/p>\n<p data-start=\"3160\" data-end=\"3257\">Si esta situaci\u00f3n se mantiene durante un a\u00f1o, el impacto ser\u00eda de <strong>+600 \u20ac anuales aproximadamente.<\/strong><\/p>\n<ul>\n<li data-start=\"3259\" data-end=\"3275\">\n<p data-start=\"101\" data-end=\"119\"><strong data-start=\"101\" data-end=\"119\">Caso empresa 1<\/strong><\/p>\n<p data-start=\"121\" data-end=\"240\">Una empresa con una factura energ\u00e9tica de <strong data-start=\"163\" data-end=\"182\">10.000 \u20ac al mes<\/strong> podr\u00eda pasar a pagar aproximadamente <strong data-start=\"220\" data-end=\"239\">13.000 \u20ac al mes<\/strong>.<\/p>\n<p data-start=\"242\" data-end=\"424\">En un a\u00f1o, esto supondr\u00eda <strong data-start=\"268\" data-end=\"311\">+36.000 \u20ac de coste energ\u00e9tico adicional<\/strong>. Para muchas empresas industriales o log\u00edsticas, este incremento puede tener un impacto directo en los m\u00e1rgenes.<\/p>\n<\/li>\n<li data-start=\"3259\" data-end=\"3275\">\n<p data-start=\"242\" data-end=\"424\"><strong data-start=\"426\" data-end=\"444\">Caso empresa 2<\/strong><\/p>\n<p data-start=\"446\" data-end=\"567\">Una empresa con una factura energ\u00e9tica de <strong data-start=\"488\" data-end=\"508\">200.000 \u20ac al mes<\/strong> podr\u00eda pasar a pagar aproximadamente <strong data-start=\"546\" data-end=\"566\">260.000 \u20ac al mes<\/strong>.<\/p>\n<p data-start=\"569\" data-end=\"752\">En un a\u00f1o, esto supondr\u00eda <strong data-start=\"595\" data-end=\"639\">+720.000 \u20ac de coste energ\u00e9tico adicional<\/strong>. Para muchas empresas industriales o log\u00edsticas, este incremento puede tener un impacto directo en los m\u00e1rgenes.<\/p>\n<\/li>\n<\/ul>\n<h3 data-start=\"3568\" data-end=\"3611\"><strong data-start=\"3568\" data-end=\"3611\">\u00bfQu\u00e9 podemos hacer ante este escenario?<\/strong><\/h3>\n<p data-start=\"3613\" data-end=\"3776\">Ante un contexto energ\u00e9tico incierto, cada vez m\u00e1s empresas y particulares optan por <strong>reducir su exposici\u00f3n al mercado el\u00e9ctrico.<\/strong> Existen dos soluciones relevantes:<\/p>\n<ul>\n<li data-start=\"3778\" data-end=\"3813\"><strong data-start=\"3778\" data-end=\"3813\">Instalar o ampliar fotovoltaica<\/strong><\/li>\n<\/ul>\n<p data-start=\"3815\" data-end=\"4054\">La generaci\u00f3n fotovoltaica permite <strong>producir energ\u00eda propia y reducir la dependencia del mercado el\u00e9ctrico.<\/strong> En un contexto de volatilidad energ\u00e9tica, la fotovoltaica se convierte en una herramienta clave para estabilizar costes energ\u00e9ticos.<\/p>\n<ul>\n<li data-start=\"4056\" data-end=\"4104\"><strong data-start=\"4056\" data-end=\"4104\">Incorporar sistemas de almacenamiento (BESS)<\/strong><\/li>\n<\/ul>\n<p data-start=\"4106\" data-end=\"4500\">Los sistemas <strong>BESS (Battery Energy Storage Systems)<\/strong> est\u00e1n ganando cada vez m\u00e1s protagonismo. Cuando el mercado presenta un <strong>spread elevado entre horas baratas y horas caras<\/strong>, almacenar energ\u00eda cuando es barata y consumirla cuando es cara <strong>genera mucho m\u00e1s valor<\/strong>. Con spreads intradiarios estimados de<strong> 25 a 45 \u20ac\/MWh<\/strong>, la rentabilidad de los sistemas de almacenamiento <strong>ha aumentado significativamente.<\/strong><\/p>\n<h3 data-start=\"4502\" data-end=\"4517\"><strong data-start=\"4502\" data-end=\"4517\">Conclusi\u00f3n:<\/strong><\/h3>\n<p data-start=\"4519\" data-end=\"4755\">Los mercados energ\u00e9ticos ya est\u00e1n empezando a reflejar las tensiones geopol\u00edticas actuales. Todo apunta a que los pr\u00f3ximos meses estar\u00e1n marcados por <strong>mayor volatilidad, picos de precio m\u00e1s pronunciados y un coste energ\u00e9tico m\u00e1s elevado.<\/strong><\/p>\n<p data-start=\"4757\" data-end=\"4959\">Por ello, <strong>anticiparse es clave.<\/strong> Las empresas y consumidores que apuesten por <strong>autoconsumo y almacenamiento energ\u00e9tico<\/strong> estar\u00e1n mejor preparados para afrontar un escenario energ\u00e9tico cada vez m\u00e1s incierto.<\/p>\n[\/vc_column_text][\/vc_column][\/vc_row][vc_row type=\u00bbin_container\u00bb full_screen_row_position=\u00bbmiddle\u00bb column_margin=\u00bbdefault\u00bb column_direction=\u00bbdefault\u00bb column_direction_tablet=\u00bbdefault\u00bb column_direction_phone=\u00bbdefault\u00bb scene_position=\u00bbcenter\u00bb text_color=\u00bbdark\u00bb text_align=\u00bbleft\u00bb row_border_radius=\u00bbnone\u00bb row_border_radius_applies=\u00bbbg\u00bb overflow=\u00bbvisible\u00bb overlay_strength=\u00bb0.3&#8243; gradient_direction=\u00bbleft_to_right\u00bb shape_divider_position=\u00bbbottom\u00bb bg_image_animation=\u00bbnone\u00bb][vc_column column_padding=\u00bbno-extra-padding\u00bb column_padding_tablet=\u00bbinherit\u00bb column_padding_phone=\u00bbinherit\u00bb column_padding_position=\u00bball\u00bb column_element_direction_desktop=\u00bbdefault\u00bb column_element_spacing=\u00bbdefault\u00bb desktop_text_alignment=\u00bbdefault\u00bb tablet_text_alignment=\u00bbdefault\u00bb phone_text_alignment=\u00bbdefault\u00bb background_color_opacity=\u00bb1&#8243; background_hover_color_opacity=\u00bb1&#8243; column_backdrop_filter=\u00bbnone\u00bb column_shadow=\u00bbnone\u00bb column_border_radius=\u00bbnone\u00bb column_link_target=\u00bb_self\u00bb column_position=\u00bbdefault\u00bb gradient_direction=\u00bbleft_to_right\u00bb overlay_strength=\u00bb0.3&#8243; width=\u00bb1\/1&#8243; tablet_width_inherit=\u00bbdefault\u00bb animation_type=\u00bbdefault\u00bb bg_image_animation=\u00bbnone\u00bb border_type=\u00bbsimple\u00bb column_border_width=\u00bbnone\u00bb column_border_style=\u00bbsolid\u00bb][image_with_animation image_url=\u00bb5859&#8243; image_size=\u00bbfull\u00bb animation_type=\u00bbentrance\u00bb animation=\u00bbNone\u00bb animation_movement_type=\u00bbtransform_y\u00bb hover_animation=\u00bbnone\u00bb alignment=\u00bb\u00bb border_radius=\u00bbnone\u00bb box_shadow=\u00bbnone\u00bb image_loading=\u00bbdefault\u00bb max_width=\u00bb100%\u00bb max_width_mobile=\u00bbdefault\u00bb][\/vc_column][\/vc_row]\n","protected":false},"excerpt":{"rendered":"<p>[vc_row type=\u00bbin_container\u00bb full_screen_row_position=\u00bbmiddle\u00bb column_margin=\u00bbdefault\u00bb column_direction=\u00bbdefault\u00bb column_direction_tablet=\u00bbdefault\u00bb column_direction_phone=\u00bbdefault\u00bb scene_position=\u00bbcenter\u00bb text_color=\u00bbdark\u00bb text_align=\u00bbleft\u00bb row_border_radius=\u00bbnone\u00bb row_border_radius_applies=\u00bbbg\u00bb overflow=\u00bbvisible\u00bb overlay_strength=\u00bb0.3&#8243; gradient_direction=\u00bbleft_to_right\u00bb shape_divider_position=\u00bbbottom\u00bb bg_image_animation=\u00bbnone\u00bb][vc_column column_padding=\u00bbno-extra-padding\u00bb column_padding_tablet=\u00bbinherit\u00bb column_padding_phone=\u00bbinherit\u00bb column_padding_position=\u00bball\u00bb column_element_direction_desktop=\u00bbdefault\u00bb column_element_spacing=\u00bbdefault\u00bb desktop_text_alignment=\u00bbdefault\u00bb tablet_text_alignment=\u00bbdefault\u00bb phone_text_alignment=\u00bbdefault\u00bb background_color_opacity=\u00bb1&#8243; background_hover_color_opacity=\u00bb1&#8243; column_backdrop_filter=\u00bbnone\u00bb column_shadow=\u00bbnone\u00bb&#8230;<\/p>\n","protected":false},"author":4,"featured_media":5692,"comment_status":"closed","ping_status":"closed","sticky":false,"template":"","format":"standard","meta":{"_joinchat":[],"footnotes":""},"categories":[41],"tags":[602,610,793,892,901,902,893,903,904,894,895,905,906,907,896,897,898,908,899,909,900],"class_list":{"0":"post-5693","1":"post","2":"type-post","3":"status-publish","4":"format-standard","5":"has-post-thumbnail","7":"category-actualidad-del-sector","8":"tag-autoconsum-fotovoltaic-es","9":"tag-autoconsumo-fotovoltaico","10":"tag-bess-es","11":"tag-cost-energetic-industria-es","12":"tag-coste-energetico-industria","13":"tag-energia-para-empresas","14":"tag-energia-per-a-empreses-es","15":"tag-mercado-electrico-omie","16":"tag-mercado-energetico","17":"tag-mercat-electric-omie-es","18":"tag-mercat-energetic-es","19":"tag-precio-electricidad-empresas","20":"tag-precio-energia","21":"tag-precio-gas-ttf","22":"tag-preu-electricitat-empreses-es","23":"tag-preu-energia-es","24":"tag-preu-gas-ttf-es","25":"tag-sistemas-de-almacenamiento-bess","26":"tag-sistemes-demmagatzematge-bess-es","27":"tag-volatilidad-precio-electricidad","28":"tag-volatilitat-preu-electricitat-es"},"_links":{"self":[{"href":"https:\/\/www.solventa6.com\/es\/wp-json\/wp\/v2\/posts\/5693","targetHints":{"allow":["GET"]}}],"collection":[{"href":"https:\/\/www.solventa6.com\/es\/wp-json\/wp\/v2\/posts"}],"about":[{"href":"https:\/\/www.solventa6.com\/es\/wp-json\/wp\/v2\/types\/post"}],"author":[{"embeddable":true,"href":"https:\/\/www.solventa6.com\/es\/wp-json\/wp\/v2\/users\/4"}],"replies":[{"embeddable":true,"href":"https:\/\/www.solventa6.com\/es\/wp-json\/wp\/v2\/comments?post=5693"}],"version-history":[{"count":7,"href":"https:\/\/www.solventa6.com\/es\/wp-json\/wp\/v2\/posts\/5693\/revisions"}],"predecessor-version":[{"id":5863,"href":"https:\/\/www.solventa6.com\/es\/wp-json\/wp\/v2\/posts\/5693\/revisions\/5863"}],"wp:featuredmedia":[{"embeddable":true,"href":"https:\/\/www.solventa6.com\/es\/wp-json\/wp\/v2\/media\/5692"}],"wp:attachment":[{"href":"https:\/\/www.solventa6.com\/es\/wp-json\/wp\/v2\/media?parent=5693"}],"wp:term":[{"taxonomy":"category","embeddable":true,"href":"https:\/\/www.solventa6.com\/es\/wp-json\/wp\/v2\/categories?post=5693"},{"taxonomy":"post_tag","embeddable":true,"href":"https:\/\/www.solventa6.com\/es\/wp-json\/wp\/v2\/tags?post=5693"}],"curies":[{"name":"wp","href":"https:\/\/api.w.org\/{rel}","templated":true}]}}