{"id":4863,"date":"2025-10-22T09:55:33","date_gmt":"2025-10-22T07:55:33","guid":{"rendered":"https:\/\/www.solventa6.com\/success-story-how-to-save-a-business-from-rising-electricity-prices\/"},"modified":"2025-10-22T10:15:14","modified_gmt":"2025-10-22T08:15:14","slug":"etude-de-cas-comment-sauver-une-entreprise-face-a-la-hausse-du-prix-de-lelectricite","status":"publish","type":"post","link":"https:\/\/www.solventa6.com\/fr\/etude-de-cas-comment-sauver-une-entreprise-face-a-la-hausse-du-prix-de-lelectricite\/","title":{"rendered":"\u00c9tude de cas : comment sauver une entreprise face \u00e0 la hausse du prix de l\u2019\u00e9lectricit\u00e9"},"content":{"rendered":"[vc_row type=\u00a0\u00bbin_container\u00a0\u00bb full_screen_row_position=\u00a0\u00bbmiddle\u00a0\u00bb column_margin=\u00a0\u00bbdefault\u00a0\u00bb column_direction=\u00a0\u00bbdefault\u00a0\u00bb column_direction_tablet=\u00a0\u00bbdefault\u00a0\u00bb column_direction_phone=\u00a0\u00bbdefault\u00a0\u00bb scene_position=\u00a0\u00bbcenter\u00a0\u00bb text_color=\u00a0\u00bbdark\u00a0\u00bb text_align=\u00a0\u00bbleft\u00a0\u00bb row_border_radius=\u00a0\u00bbnone\u00a0\u00bb row_border_radius_applies=\u00a0\u00bbbg\u00a0\u00bb overflow=\u00a0\u00bbvisible\u00a0\u00bb overlay_strength=\u00a0\u00bb0.3&Prime; gradient_direction=\u00a0\u00bbleft_to_right\u00a0\u00bb shape_divider_position=\u00a0\u00bbbottom\u00a0\u00bb bg_image_animation=\u00a0\u00bbnone\u00a0\u00bb][vc_column column_padding=\u00a0\u00bbno-extra-padding\u00a0\u00bb column_padding_tablet=\u00a0\u00bbinherit\u00a0\u00bb column_padding_phone=\u00a0\u00bbinherit\u00a0\u00bb column_padding_position=\u00a0\u00bball\u00a0\u00bb column_element_direction_desktop=\u00a0\u00bbdefault\u00a0\u00bb column_element_spacing=\u00a0\u00bbdefault\u00a0\u00bb desktop_text_alignment=\u00a0\u00bbdefault\u00a0\u00bb tablet_text_alignment=\u00a0\u00bbdefault\u00a0\u00bb phone_text_alignment=\u00a0\u00bbdefault\u00a0\u00bb background_color_opacity=\u00a0\u00bb1&Prime; background_hover_color_opacity=\u00a0\u00bb1&Prime; column_backdrop_filter=\u00a0\u00bbnone\u00a0\u00bb column_shadow=\u00a0\u00bbnone\u00a0\u00bb column_border_radius=\u00a0\u00bbnone\u00a0\u00bb column_link_target=\u00a0\u00bb_self\u00a0\u00bb column_position=\u00a0\u00bbdefault\u00a0\u00bb gradient_direction=\u00a0\u00bbleft_to_right\u00a0\u00bb overlay_strength=\u00a0\u00bb0.3&Prime; width=\u00a0\u00bb1\/1&Prime; tablet_width_inherit=\u00a0\u00bbdefault\u00a0\u00bb animation_type=\u00a0\u00bbdefault\u00a0\u00bb bg_image_animation=\u00a0\u00bbnone\u00a0\u00bb border_type=\u00a0\u00bbsimple\u00a0\u00bb column_border_width=\u00a0\u00bbnone\u00a0\u00bb column_border_style=\u00a0\u00bbsolid\u00a0\u00bb][vc_column_text css=\u00a0\u00bb\u00a0\u00bb text_direction=\u00a0\u00bbdefault\u00a0\u00bb]En 2022, de nombreuses entreprises se sont retrouv\u00e9es pi\u00e9g\u00e9es par l\u2019augmentation soudaine du prix de l\u2019\u00e9lectricit\u00e9. Ce qui, jusqu\u2019alors, \u00e9tait une d\u00e9pense ma\u00eetrisable est devenu un v\u00e9ritable fardeau pour beaucoup d\u2019entre elles.<\/p>\n<p>Un exemple clair est celui du restaurant La Nau \u00e0 Parets del Vall\u00e8s. Il payait environ 700 \u20ac par mois d\u2019\u00e9lectricit\u00e9, mais pendant l\u2019invasion de l\u2019Ukraine, la facture est mont\u00e9e jusqu\u2019\u00e0 2 000 \u20ac par mois. Une telle hausse rendait la poursuite de l\u2019activit\u00e9 impossible, car la marge b\u00e9n\u00e9ficiaire se r\u00e9duisait et l\u2019avenir de l\u2019entreprise \u00e9tait en jeu.<\/p>\n<p>Face \u00e0 cette situation, l\u2019entreprise a pris une d\u00e9cision strat\u00e9gique : elle ne disposait pas de ressources propres suffisantes \u00e0 ce moment-l\u00e0, mais elle a contract\u00e9 un pr\u00eat et<strong> investi dans l\u2019installation de panneaux solaires<\/strong>. Sans ce pari sur l\u2019autoconsommation, l\u2019entreprise aurait d\u00fb fermer ses portes. L\u2019installation photovolta\u00efque a permis de r\u00e9duire drastiquement les co\u00fbts \u00e9nerg\u00e9tiques et de r\u00e9tablir la viabilit\u00e9 de l\u2019entreprise.<\/p>\n<p>Ram\u00f3n Aparicio, le propri\u00e9taire, l\u2019explique ainsi : \u00ab Je paie maintenant moins de 300 \u20ac par mois. Quatre ans seulement se sont \u00e9coul\u00e9s, et l\u2019investissement est d\u00e9j\u00e0 amorti gr\u00e2ce aux \u00e9conomies r\u00e9alis\u00e9es. Toutes les \u00e9conomies g\u00e9n\u00e9r\u00e9es aujourd\u2019hui sont du b\u00e9n\u00e9fice net pour continuer \u00e0 d\u00e9velopper l\u2019entreprise. Et si une nouvelle crise \u00e9nerg\u00e9tique faisait grimper les prix, nous ne serions plus affect\u00e9s. \u00bb<\/p>\n<p>Gr\u00e2ce \u00e0 des d\u00e9cisions courageuses comme celle-ci, le Restaurant La Nau f\u00eatera ses 30 ans ce mois d\u2019octobre.<\/p>\n<p>Ce cas montre que les \u00e9nergies renouvelables ne sont pas seulement une option durable, mais aussi un outil pour garantir la continuit\u00e9 et la comp\u00e9titivit\u00e9 d\u2019une entreprise. Les entreprises qui ont eu la capacit\u00e9 \u2014 ou le courage \u2014 d\u2019investir ont pu survivre ; beaucoup d\u2019autres, malheureusement, n\u2019ont pas r\u00e9sist\u00e9 \u00e0 l\u2019impact.<\/p>\n<h4>\ud83d\udca1 La le\u00e7on est claire : n\u2019attendez pas pour agir<\/h4>\n<p>La transition vers l\u2019autoconsommation \u00e9nerg\u00e9tique est un investissement qui apporte stabilit\u00e9, s\u00e9curit\u00e9 et \u00e9conomies \u00e0 long terme. Dans un march\u00e9 de l\u2019\u00e9nergie aussi volatil, anticiper peut faire la diff\u00e9rence entre cro\u00eetre ou devoir fermer.<\/p>\n<p>Chez <strong>Solventa6<\/strong>, nous savons que chaque entreprise est diff\u00e9rente et que chaque cas n\u00e9cessite une solution sur mesure. Si vous souhaitez assurer l\u2019avenir de votre entreprise et commencer \u00e0 \u00e9conomiser sur votre facture d\u2019\u00e9lectricit\u00e9, contactez-nous \u2014 nous vous aiderons \u00e0 franchir le pas vers l\u2019autoconsommation.[\/vc_column_text][\/vc_column][\/vc_row]\n","protected":false},"excerpt":{"rendered":"<p>[vc_row type=\u00a0\u00bbin_container\u00a0\u00bb full_screen_row_position=\u00a0\u00bbmiddle\u00a0\u00bb column_margin=\u00a0\u00bbdefault\u00a0\u00bb column_direction=\u00a0\u00bbdefault\u00a0\u00bb column_direction_tablet=\u00a0\u00bbdefault\u00a0\u00bb column_direction_phone=\u00a0\u00bbdefault\u00a0\u00bb scene_position=\u00a0\u00bbcenter\u00a0\u00bb text_color=\u00a0\u00bbdark\u00a0\u00bb text_align=\u00a0\u00bbleft\u00a0\u00bb row_border_radius=\u00a0\u00bbnone\u00a0\u00bb row_border_radius_applies=\u00a0\u00bbbg\u00a0\u00bb overflow=\u00a0\u00bbvisible\u00a0\u00bb overlay_strength=\u00a0\u00bb0.3&Prime; gradient_direction=\u00a0\u00bbleft_to_right\u00a0\u00bb shape_divider_position=\u00a0\u00bbbottom\u00a0\u00bb bg_image_animation=\u00a0\u00bbnone\u00a0\u00bb][vc_column column_padding=\u00a0\u00bbno-extra-padding\u00a0\u00bb column_padding_tablet=\u00a0\u00bbinherit\u00a0\u00bb column_padding_phone=\u00a0\u00bbinherit\u00a0\u00bb column_padding_position=\u00a0\u00bball\u00a0\u00bb column_element_direction_desktop=\u00a0\u00bbdefault\u00a0\u00bb column_element_spacing=\u00a0\u00bbdefault\u00a0\u00bb desktop_text_alignment=\u00a0\u00bbdefault\u00a0\u00bb tablet_text_alignment=\u00a0\u00bbdefault\u00a0\u00bb phone_text_alignment=\u00a0\u00bbdefault\u00a0\u00bb background_color_opacity=\u00a0\u00bb1&Prime; background_hover_color_opacity=\u00a0\u00bb1&Prime; column_backdrop_filter=\u00a0\u00bbnone\u00a0\u00bb column_shadow=\u00a0\u00bbnone\u00a0\u00bb&#8230;<\/p>\n","protected":false},"author":4,"featured_media":4853,"comment_status":"closed","ping_status":"closed","sticky":false,"template":"","format":"standard","meta":{"_joinchat":[],"footnotes":""},"categories":[43],"tags":[453,454,456,458,455,284,457,459,450],"class_list":{"0":"post-4863","1":"post","2":"type-post","3":"status-publish","4":"format-standard","5":"has-post-thumbnail","7":"category-actualites-du-secteur","8":"tag-amortissement","9":"tag-autoconsommation","10":"tag-economie-denergie","11":"tag-entreprise","12":"tag-etude-de-cas","13":"tag-installation-photovoltaique","14":"tag-investissement","15":"tag-panneaux-solaires","16":"tag-restaurant-la-nau-fr"},"_links":{"self":[{"href":"https:\/\/www.solventa6.com\/fr\/wp-json\/wp\/v2\/posts\/4863","targetHints":{"allow":["GET"]}}],"collection":[{"href":"https:\/\/www.solventa6.com\/fr\/wp-json\/wp\/v2\/posts"}],"about":[{"href":"https:\/\/www.solventa6.com\/fr\/wp-json\/wp\/v2\/types\/post"}],"author":[{"embeddable":true,"href":"https:\/\/www.solventa6.com\/fr\/wp-json\/wp\/v2\/users\/4"}],"replies":[{"embeddable":true,"href":"https:\/\/www.solventa6.com\/fr\/wp-json\/wp\/v2\/comments?post=4863"}],"version-history":[{"count":2,"href":"https:\/\/www.solventa6.com\/fr\/wp-json\/wp\/v2\/posts\/4863\/revisions"}],"predecessor-version":[{"id":4865,"href":"https:\/\/www.solventa6.com\/fr\/wp-json\/wp\/v2\/posts\/4863\/revisions\/4865"}],"wp:featuredmedia":[{"embeddable":true,"href":"https:\/\/www.solventa6.com\/fr\/wp-json\/wp\/v2\/media\/4853"}],"wp:attachment":[{"href":"https:\/\/www.solventa6.com\/fr\/wp-json\/wp\/v2\/media?parent=4863"}],"wp:term":[{"taxonomy":"category","embeddable":true,"href":"https:\/\/www.solventa6.com\/fr\/wp-json\/wp\/v2\/categories?post=4863"},{"taxonomy":"post_tag","embeddable":true,"href":"https:\/\/www.solventa6.com\/fr\/wp-json\/wp\/v2\/tags?post=4863"}],"curies":[{"name":"wp","href":"https:\/\/api.w.org\/{rel}","templated":true}]}}