{"id":4921,"date":"2025-10-30T11:04:30","date_gmt":"2025-10-30T10:04:30","guid":{"rendered":"https:\/\/www.solventa6.com\/success-story-photovoltaic-solar-energy-with-battery-storage-system-at-agroporc-friselva-group\/"},"modified":"2025-10-30T12:30:33","modified_gmt":"2025-10-30T11:30:33","slug":"cas-dexit-energie-solaire-photovoltaique-avec-systeme-de-stockage-par-batterie-chez-agroporc-groupe-friselva","status":"publish","type":"post","link":"https:\/\/www.solventa6.com\/fr\/cas-dexit-energie-solaire-photovoltaique-avec-systeme-de-stockage-par-batterie-chez-agroporc-groupe-friselva\/","title":{"rendered":"Cas d\u2019\u00e8xit : \u00e9nergie solaire photovolta\u00efque avec syst\u00e8me de stockage par batterie chez Agroporc (groupe Friselva)"},"content":{"rendered":"[vc_row type=\u00a0\u00bbin_container\u00a0\u00bb full_screen_row_position=\u00a0\u00bbmiddle\u00a0\u00bb column_margin=\u00a0\u00bbdefault\u00a0\u00bb column_direction=\u00a0\u00bbdefault\u00a0\u00bb column_direction_tablet=\u00a0\u00bbdefault\u00a0\u00bb column_direction_phone=\u00a0\u00bbdefault\u00a0\u00bb scene_position=\u00a0\u00bbcenter\u00a0\u00bb text_color=\u00a0\u00bbdark\u00a0\u00bb text_align=\u00a0\u00bbleft\u00a0\u00bb row_border_radius=\u00a0\u00bbnone\u00a0\u00bb row_border_radius_applies=\u00a0\u00bbbg\u00a0\u00bb overflow=\u00a0\u00bbvisible\u00a0\u00bb overlay_strength=\u00a0\u00bb0.3&Prime; gradient_direction=\u00a0\u00bbleft_to_right\u00a0\u00bb shape_divider_position=\u00a0\u00bbbottom\u00a0\u00bb bg_image_animation=\u00a0\u00bbnone\u00a0\u00bb][vc_column column_padding=\u00a0\u00bbno-extra-padding\u00a0\u00bb column_padding_tablet=\u00a0\u00bbinherit\u00a0\u00bb column_padding_phone=\u00a0\u00bbinherit\u00a0\u00bb column_padding_position=\u00a0\u00bball\u00a0\u00bb column_element_direction_desktop=\u00a0\u00bbdefault\u00a0\u00bb column_element_spacing=\u00a0\u00bbdefault\u00a0\u00bb desktop_text_alignment=\u00a0\u00bbdefault\u00a0\u00bb tablet_text_alignment=\u00a0\u00bbdefault\u00a0\u00bb phone_text_alignment=\u00a0\u00bbdefault\u00a0\u00bb background_color_opacity=\u00a0\u00bb1&Prime; background_hover_color_opacity=\u00a0\u00bb1&Prime; column_backdrop_filter=\u00a0\u00bbnone\u00a0\u00bb column_shadow=\u00a0\u00bbnone\u00a0\u00bb column_border_radius=\u00a0\u00bbnone\u00a0\u00bb column_link_target=\u00a0\u00bb_self\u00a0\u00bb column_position=\u00a0\u00bbdefault\u00a0\u00bb gradient_direction=\u00a0\u00bbleft_to_right\u00a0\u00bb overlay_strength=\u00a0\u00bb0.3&Prime; width=\u00a0\u00bb1\/1&Prime; tablet_width_inherit=\u00a0\u00bbdefault\u00a0\u00bb animation_type=\u00a0\u00bbdefault\u00a0\u00bb bg_image_animation=\u00a0\u00bbnone\u00a0\u00bb border_type=\u00a0\u00bbsimple\u00a0\u00bb column_border_width=\u00a0\u00bbnone\u00a0\u00bb column_border_style=\u00a0\u00bbsolid\u00a0\u00bb][vc_column_text css=\u00a0\u00bb\u00a0\u00bb text_direction=\u00a0\u00bbdefault\u00a0\u00bb]\n<p data-start=\"260\" data-end=\"677\">Agroporc (Groupe Friselva), entreprise de r\u00e9f\u00e9rence dans le secteur agroalimentaire, a lanc\u00e9 un projet pionnier \u00e0 la ferme de Can Ribas (Sant Mart\u00ed Vell) avec le soutien technologique et d\u2019ing\u00e9nierie de <strong data-start=\"463\" data-end=\"476\">Solventa6<\/strong>, qui en a assur\u00e9 la conceptualisation, la conception et l\u2019installation.<br data-start=\"548\" data-end=\"551\" \/>Cette initiative combine une centrale photovolta\u00efque, un syst\u00e8me de stockage par batteries et une gestion \u00e9nerg\u00e9tique avanc\u00e9e.<\/p>\n<p data-start=\"679\" data-end=\"1016\">L\u2019objectif \u00e9tait de r\u00e9pondre \u00e0 un d\u00e9fi courant dans le monde rural : la d\u00e9pendance \u00e9nerg\u00e9tique d\u2019installations critiques, souvent situ\u00e9es dans des zones o\u00f9 les r\u00e9seaux \u00e9lectriques sont faibles et peu fiables. Ces environnements d\u00e9pendent souvent de g\u00e9n\u00e9rateurs diesel, avec les co\u00fbts \u00e9lev\u00e9s et les \u00e9missions polluantes que cela entra\u00eene.<\/p>\n<p data-start=\"1018\" data-end=\"1250\">Ce projet r\u00e9sout non seulement cette probl\u00e9matique, mais \u00e9tablit aussi un mod\u00e8le reproductible pour tout le secteur, alliant efficacit\u00e9 \u00e9nerg\u00e9tique, am\u00e9lioration op\u00e9rationnelle, r\u00e9duction des \u00e9missions et engagement environnemental.<\/p>\n<h3 data-start=\"1257\" data-end=\"1315\">1. Exploitation et gestion de l\u2019\u00e9nergie photovolta\u00efque<\/h3>\n<p data-start=\"1317\" data-end=\"1518\">Avant l\u2019installation, la ferme consommait environ <strong data-start=\"1367\" data-end=\"1387\">950 kWh par jour<\/strong>, provenant principalement du g\u00e9n\u00e9rateur diesel, le r\u00e9seau \u00e9tant insuffisant pour couvrir les besoins croissants. Cela impliquait :<\/p>\n<ul data-start=\"1520\" data-end=\"1644\">\n<li data-start=\"1520\" data-end=\"1561\">\n<p data-start=\"1522\" data-end=\"1561\">D\u00e9pendance aux combustibles fossiles.<\/p>\n<\/li>\n<li data-start=\"1562\" data-end=\"1591\">\n<p data-start=\"1564\" data-end=\"1591\">Co\u00fbts \u00e9conomiques \u00e9lev\u00e9s.<\/p>\n<\/li>\n<li data-start=\"1592\" data-end=\"1644\">\n<p data-start=\"1594\" data-end=\"1644\">\u00c9missions constantes de CO\u2082 et d\u2019autres polluants.<\/p>\n<\/li>\n<\/ul>\n<p data-start=\"1646\" data-end=\"1677\">Avec la nouvelle installation :<\/p>\n<ul data-start=\"1679\" data-end=\"2066\">\n<li data-start=\"1679\" data-end=\"1832\">\n<p data-start=\"1681\" data-end=\"1832\">La demande externe est r\u00e9duite de <strong data-start=\"1715\" data-end=\"1735\">550 kWh par jour<\/strong>, permettant de fonctionner uniquement avec le soutien du r\u00e9seau et sans recours au g\u00e9n\u00e9rateur.<\/p>\n<\/li>\n<li data-start=\"1833\" data-end=\"1929\">\n<p data-start=\"1835\" data-end=\"1929\">Cela repr\u00e9sente une \u00e9conomie de <strong data-start=\"1867\" data-end=\"1884\">73 MWh par an<\/strong>, soit <strong data-start=\"1891\" data-end=\"1899\">58 %<\/strong> de la consommation externe.<\/p>\n<\/li>\n<li data-start=\"1930\" data-end=\"2066\">\n<p data-start=\"1932\" data-end=\"2066\">L\u2019\u00e9nergie solaire produite est pleinement valoris\u00e9e gr\u00e2ce au <strong data-start=\"1993\" data-end=\"2019\">stockage par batteries<\/strong>, permettant de couvrir les heures sans soleil.<\/p>\n<\/li>\n<\/ul>\n<h3 data-start=\"2073\" data-end=\"2089\">2. Autonomie<\/h3>\n<p data-start=\"2091\" data-end=\"2286\">La majorit\u00e9 des fermes du pays d\u00e9pendent de g\u00e9n\u00e9rateurs diesel pour assurer la continuit\u00e9 de service, le r\u00e9seau n\u2019\u00e9tant pas toujours fiable.<br data-start=\"2231\" data-end=\"2234\" \/>Cette installation a pratiquement \u00e9limin\u00e9 ce besoin.<\/p>\n<ul data-start=\"2288\" data-end=\"2513\">\n<li data-start=\"2288\" data-end=\"2375\">\n<p data-start=\"2290\" data-end=\"2375\">\u00c9conomie annuelle de <strong data-start=\"2311\" data-end=\"2338\">65 700 litres de diesel<\/strong>, soit quasiment z\u00e9ro consommation.<\/p>\n<\/li>\n<li data-start=\"2376\" data-end=\"2449\">\n<p data-start=\"2378\" data-end=\"2449\">\u00c9conomies financi\u00e8res importantes sur le carburant et la maintenance.<\/p>\n<\/li>\n<li data-start=\"2450\" data-end=\"2513\">\n<p data-start=\"2452\" data-end=\"2513\">Impact environnemental consid\u00e9rable (voir section \u00e9missions).<\/p>\n<\/li>\n<\/ul>\n<h3 data-start=\"2520\" data-end=\"2552\">3. R\u00e9silience op\u00e9rationnelle<\/h3>\n<p data-start=\"2554\" data-end=\"2925\">Les fermes modernes sont tr\u00e8s d\u00e9pendantes de l\u2019\u00e9lectricit\u00e9 : climatisation, ventilation, alimentation automatis\u00e9e, capteurs, etc.<br data-start=\"2683\" data-end=\"2686\" \/>Une coupure d\u2019\u00e9lectricit\u00e9 entra\u00eene des pertes de production, des impacts sur le bien-\u00eatre animal et des red\u00e9marrages co\u00fbteux.<br data-start=\"2811\" data-end=\"2814\" \/>De plus, leur emplacement isol\u00e9 s\u2019accompagne souvent d\u2019une qualit\u00e9 de service faible et de coupures fr\u00e9quentes.<\/p>\n<p data-start=\"2927\" data-end=\"2948\">Avec cette solution :<\/p>\n<ul data-start=\"2950\" data-end=\"3321\">\n<li data-start=\"2950\" data-end=\"3035\">\n<p data-start=\"2952\" data-end=\"3035\">Les coupures ne perturbent plus l\u2019exploitation gr\u00e2ce au <strong data-start=\"3008\" data-end=\"3032\">syst\u00e8me de batteries<\/strong>.<\/p>\n<\/li>\n<li data-start=\"3036\" data-end=\"3087\">\n<p data-start=\"3038\" data-end=\"3087\">Le <strong data-start=\"3041\" data-end=\"3062\">g\u00e9n\u00e9rateur diesel<\/strong> n\u2019est plus n\u00e9cessaire.<\/p>\n<\/li>\n<li data-start=\"3088\" data-end=\"3248\">\n<p data-start=\"3090\" data-end=\"3248\">L\u2019alimentation est stable et continue gr\u00e2ce \u00e0 un <strong data-start=\"3139\" data-end=\"3171\">STS (Static Transfer Switch)<\/strong>, qui assure un basculement instantan\u00e9 entre les sources sans interruption.<\/p>\n<\/li>\n<li data-start=\"3249\" data-end=\"3321\">\n<p data-start=\"3251\" data-end=\"3321\">Moins d\u2019efforts humains et \u00e9nerg\u00e9tiques dans la gestion des incidents.<\/p>\n<\/li>\n<\/ul>\n<h3 data-start=\"3328\" data-end=\"3366\">4. Stabilit\u00e9 du syst\u00e8me \u00e9lectrique<\/h3>\n<p data-start=\"3368\" data-end=\"3420\">L\u2019efficacit\u00e9 se mesure aussi \u00e0 l\u2019\u00e9chelle du r\u00e9seau :<\/p>\n<ul data-start=\"3422\" data-end=\"3817\">\n<li data-start=\"3422\" data-end=\"3554\">\n<p data-start=\"3424\" data-end=\"3554\">Le syst\u00e8me r\u00e9duit non seulement la consommation totale mais aussi <strong data-start=\"3490\" data-end=\"3513\">les pics de demande<\/strong>, contribuant \u00e0 la stabilit\u00e9 du r\u00e9seau.<\/p>\n<\/li>\n<li data-start=\"3555\" data-end=\"3686\">\n<p data-start=\"3557\" data-end=\"3686\">La gestion intelligente permet de <strong data-start=\"3591\" data-end=\"3619\">d\u00e9placer la consommation<\/strong> vers les heures favorables et d\u2019<strong data-start=\"3652\" data-end=\"3669\">autoconsommer<\/strong> au bon moment.<\/p>\n<\/li>\n<li data-start=\"3687\" data-end=\"3817\">\n<p data-start=\"3689\" data-end=\"3817\">Si cette strat\u00e9gie \u00e9tait d\u00e9ploy\u00e9e \u00e0 grande \u00e9chelle, elle deviendrait un outil cl\u00e9 pour la <strong data-start=\"3779\" data-end=\"3816\">transition \u00e9nerg\u00e9tique europ\u00e9enne<\/strong>.<\/p>\n<\/li>\n<\/ul>\n<h3 data-start=\"3824\" data-end=\"3837\">5. Avenir<\/h3>\n<p data-start=\"3839\" data-end=\"4024\">Ce syst\u00e8me pourra contribuer aux <strong data-start=\"3872\" data-end=\"3936\">m\u00e9canismes de flexibilit\u00e9 et de gestion active de la demande<\/strong> lorsque le cadre l\u00e9gal le permettra, augmentant consid\u00e9rablement l\u2019int\u00e9r\u00eat du stockage.<\/p>\n<h3 data-start=\"4031\" data-end=\"4073\">Utilisation des \u00e9nergies renouvelables<\/h3>\n<p data-start=\"4075\" data-end=\"4188\">L\u2019installation est con\u00e7ue pour <strong data-start=\"4106\" data-end=\"4165\">exploiter 100 % de la production solaire photovolta\u00efque<\/strong>.<br data-start=\"4166\" data-end=\"4169\" \/>Gr\u00e2ce au stockage :<\/p>\n<ul data-start=\"4190\" data-end=\"4426\">\n<li data-start=\"4190\" data-end=\"4263\">\n<p data-start=\"4192\" data-end=\"4263\">L\u2019\u00e9nergie renouvelable peut \u00eatre utilis\u00e9e tout au long de la journ\u00e9e.<\/p>\n<\/li>\n<li data-start=\"4264\" data-end=\"4330\">\n<p data-start=\"4266\" data-end=\"4330\">Chaque kWh solaire <strong data-start=\"4285\" data-end=\"4327\">remplace un kWh de diesel ou de r\u00e9seau<\/strong>.<\/p>\n<\/li>\n<li data-start=\"4331\" data-end=\"4426\">\n<p data-start=\"4333\" data-end=\"4426\">La ferme devient un exemple concret d\u2019<strong data-start=\"4371\" data-end=\"4425\">autonomie \u00e9nerg\u00e9tique renouvelable en milieu rural<\/strong>.<\/p>\n<\/li>\n<\/ul>\n<h3 data-start=\"4433\" data-end=\"4467\">R\u00e9duction des \u00e9missions de CO\u2082<\/h3>\n<p data-start=\"4469\" data-end=\"4548\">La d\u00e9pendance au diesel g\u00e9n\u00e9rait d\u2019importantes \u00e9missions. Avec sa suppression :<\/p>\n<ul data-start=\"4550\" data-end=\"4768\">\n<li data-start=\"4550\" data-end=\"4680\">\n<p data-start=\"4552\" data-end=\"4680\">\u00c9conomie annuelle de <strong data-start=\"4573\" data-end=\"4596\">176,1 tonnes de CO\u2082<\/strong>, \u00e9quivalente au retrait de <strong data-start=\"4624\" data-end=\"4651\">120 voitures thermiques<\/strong> de la route pendant un an.<\/p>\n<\/li>\n<li data-start=\"4681\" data-end=\"4768\">\n<p data-start=\"4683\" data-end=\"4768\">R\u00e9duction d\u2019autres particules polluantes, am\u00e9liorant la qualit\u00e9 de l\u2019air et la sant\u00e9.<\/p>\n<\/li>\n<\/ul>\n<p data-start=\"4770\" data-end=\"4917\">M\u00eame \u00e0 \u00e9chelle mod\u00e9r\u00e9e, ce projet montre qu\u2019un <strong data-start=\"4817\" data-end=\"4856\">changement de paradigme \u00e9nerg\u00e9tique<\/strong> peut r\u00e9duire significativement l\u2019empreinte environnementale.<\/p>\n<h3 data-start=\"4924\" data-end=\"4980\">Politiques de durabilit\u00e9 mises en \u0153uvre par Friselva<\/h3>\n<p data-start=\"4982\" data-end=\"5074\">Ce projet est le r\u00e9sultat d\u2019une <strong data-start=\"5014\" data-end=\"5047\">strat\u00e9gie d\u2019entreprise claire<\/strong> en mati\u00e8re de durabilit\u00e9 :<\/p>\n<ul data-start=\"5076\" data-end=\"5701\">\n<li data-start=\"5076\" data-end=\"5183\">\n<p data-start=\"5078\" data-end=\"5183\"><strong data-start=\"5078\" data-end=\"5111\">Transition \u00e9nerg\u00e9tique r\u00e9elle<\/strong> : abandon des combustibles fossiles au profit de l\u2019\u00e9lectricit\u00e9 verte.<\/p>\n<\/li>\n<li data-start=\"5184\" data-end=\"5301\">\n<p data-start=\"5186\" data-end=\"5301\"><strong data-start=\"5186\" data-end=\"5223\">Gestion intelligente de l\u2019\u00e9nergie<\/strong> : adaptation des profils de consommation pour maximiser l\u2019autoconsommation.<\/p>\n<\/li>\n<li data-start=\"5302\" data-end=\"5537\">\n<p data-start=\"5304\" data-end=\"5374\"><strong data-start=\"5304\" data-end=\"5370\">Engagement envers les ODD (Objectifs de D\u00e9veloppement Durable)<\/strong> :<\/p>\n<ul data-start=\"5377\" data-end=\"5537\">\n<li data-start=\"5377\" data-end=\"5427\">\n<p data-start=\"5379\" data-end=\"5427\">ODD 7 (\u00c9nergie propre et d\u2019un co\u00fbt abordable),<\/p>\n<\/li>\n<li data-start=\"5430\" data-end=\"5483\">\n<p data-start=\"5432\" data-end=\"5483\">ODD 12 (Consommation et production responsables),<\/p>\n<\/li>\n<li data-start=\"5486\" data-end=\"5537\">\n<p data-start=\"5488\" data-end=\"5537\">ODD 13 (Lutte contre le changement climatique).<\/p>\n<\/li>\n<\/ul>\n<\/li>\n<li data-start=\"5538\" data-end=\"5701\">\n<p data-start=\"5540\" data-end=\"5701\"><strong data-start=\"5540\" data-end=\"5594\">Alignement avec la strat\u00e9gie europ\u00e9enne Fit for 55<\/strong> : contribution active \u00e0 la r\u00e9duction des \u00e9missions et \u00e0 la modernisation des infrastructures \u00e9nerg\u00e9tiques.<\/p>\n<\/li>\n<\/ul>\n<h3 data-start=\"5708\" data-end=\"5725\">Cybers\u00e9curit\u00e9<\/h3>\n<p data-start=\"5727\" data-end=\"5827\">En tant qu\u2019infrastructure critique, la gestion \u00e9nerg\u00e9tique n\u00e9cessite des communications s\u00e9curis\u00e9es :<\/p>\n<ul data-start=\"5829\" data-end=\"6228\">\n<li data-start=\"5829\" data-end=\"5928\">\n<p data-start=\"5831\" data-end=\"5928\"><strong data-start=\"5831\" data-end=\"5871\">Principe de minimisation des donn\u00e9es<\/strong> : seules les informations n\u00e9cessaires sont transmises.<\/p>\n<\/li>\n<li data-start=\"5929\" data-end=\"5998\">\n<p data-start=\"5931\" data-end=\"5998\"><strong data-start=\"5931\" data-end=\"5954\">Chiffrement complet<\/strong> des \u00e9changes pour \u00e9viter toute intrusion.<\/p>\n<\/li>\n<li data-start=\"5999\" data-end=\"6099\">\n<p data-start=\"6001\" data-end=\"6099\"><strong data-start=\"6001\" data-end=\"6030\">Serveurs situ\u00e9s dans l\u2019UE<\/strong> (Francfort) : conformit\u00e9 totale au RGPD et aux normes europ\u00e9ennes.<\/p>\n<\/li>\n<li data-start=\"6100\" data-end=\"6228\">\n<p data-start=\"6102\" data-end=\"6228\"><strong data-start=\"6102\" data-end=\"6126\">Compatibilit\u00e9 future<\/strong> avec les protocoles s\u00e9curis\u00e9s des gestionnaires de r\u00e9seau pour participer aux march\u00e9s de flexibilit\u00e9.<\/p>\n<\/li>\n<\/ul>\n<p data-start=\"6230\" data-end=\"6316\">Ainsi, l\u2019installation est \u00e0 la fois <strong data-start=\"6266\" data-end=\"6315\">efficace, durable et num\u00e9riquement r\u00e9siliente<\/strong>.<\/p>\n<h3 data-start=\"6323\" data-end=\"6354\">Impact et prochaines \u00e9tapes<\/h3>\n<p data-start=\"6356\" data-end=\"6509\">Ce projet est bien plus qu\u2019une installation \u00e9nerg\u00e9tique : c\u2019est un <strong data-start=\"6423\" data-end=\"6448\">pilote transformateur<\/strong> pour le futur \u00e9nerg\u00e9tique du monde rural et agro-industriel.<\/p>\n<ul data-start=\"6511\" data-end=\"7086\">\n<li data-start=\"6511\" data-end=\"6621\">\n<p data-start=\"6513\" data-end=\"6621\"><strong data-start=\"6513\" data-end=\"6537\">Innovation appliqu\u00e9e<\/strong> : combinaison photovolta\u00efque + batteries + gestion intelligente prouv\u00e9e efficace.<\/p>\n<\/li>\n<li data-start=\"6622\" data-end=\"6690\">\n<p data-start=\"6624\" data-end=\"6690\"><strong data-start=\"6624\" data-end=\"6639\">Scalabilit\u00e9<\/strong> : mod\u00e8le r\u00e9plicable dans d\u2019autres exploitations.<\/p>\n<\/li>\n<li data-start=\"6691\" data-end=\"6801\">\n<p data-start=\"6693\" data-end=\"6801\"><strong data-start=\"6693\" data-end=\"6720\">Impact socio-\u00e9conomique<\/strong> : baisse des co\u00fbts, am\u00e9lioration du bien-\u00eatre animal, comp\u00e9titivit\u00e9 renforc\u00e9e.<\/p>\n<\/li>\n<li data-start=\"6802\" data-end=\"6937\">\n<p data-start=\"6804\" data-end=\"6937\"><strong data-start=\"6804\" data-end=\"6824\">Valeur de marque<\/strong> : Friselva se positionne comme pionni\u00e8re en durabilit\u00e9, Solventa6 comme partenaire technologique de r\u00e9f\u00e9rence.<\/p>\n<\/li>\n<li data-start=\"6938\" data-end=\"7086\">\n<p data-start=\"6940\" data-end=\"7086\"><strong data-start=\"6940\" data-end=\"6969\">Pr\u00e9paration r\u00e9glementaire<\/strong> : syst\u00e8me pr\u00eat pour la flexibilit\u00e9 et la gestion active de la demande, \u00e9l\u00e9ments essentiels du futur r\u00e9seau europ\u00e9en.<\/p>\n<\/li>\n<\/ul>\n<p data-start=\"7088\" data-end=\"7243\">En r\u00e9sum\u00e9, il s\u2019agit d\u2019une <strong data-start=\"7115\" data-end=\"7178\">solution alliant r\u00e9sultats imm\u00e9diats et vision \u00e0 long terme<\/strong>, d\u00e9montrant que durabilit\u00e9 et rentabilit\u00e9 peuvent aller de pair.<\/p>\n[\/vc_column_text][\/vc_column][\/vc_row]\n","protected":false},"excerpt":{"rendered":"<p>[vc_row type=\u00a0\u00bbin_container\u00a0\u00bb full_screen_row_position=\u00a0\u00bbmiddle\u00a0\u00bb column_margin=\u00a0\u00bbdefault\u00a0\u00bb column_direction=\u00a0\u00bbdefault\u00a0\u00bb column_direction_tablet=\u00a0\u00bbdefault\u00a0\u00bb column_direction_phone=\u00a0\u00bbdefault\u00a0\u00bb scene_position=\u00a0\u00bbcenter\u00a0\u00bb text_color=\u00a0\u00bbdark\u00a0\u00bb text_align=\u00a0\u00bbleft\u00a0\u00bb row_border_radius=\u00a0\u00bbnone\u00a0\u00bb row_border_radius_applies=\u00a0\u00bbbg\u00a0\u00bb overflow=\u00a0\u00bbvisible\u00a0\u00bb overlay_strength=\u00a0\u00bb0.3&Prime; gradient_direction=\u00a0\u00bbleft_to_right\u00a0\u00bb shape_divider_position=\u00a0\u00bbbottom\u00a0\u00bb bg_image_animation=\u00a0\u00bbnone\u00a0\u00bb][vc_column column_padding=\u00a0\u00bbno-extra-padding\u00a0\u00bb column_padding_tablet=\u00a0\u00bbinherit\u00a0\u00bb column_padding_phone=\u00a0\u00bbinherit\u00a0\u00bb column_padding_position=\u00a0\u00bball\u00a0\u00bb column_element_direction_desktop=\u00a0\u00bbdefault\u00a0\u00bb column_element_spacing=\u00a0\u00bbdefault\u00a0\u00bb desktop_text_alignment=\u00a0\u00bbdefault\u00a0\u00bb tablet_text_alignment=\u00a0\u00bbdefault\u00a0\u00bb phone_text_alignment=\u00a0\u00bbdefault\u00a0\u00bb background_color_opacity=\u00a0\u00bb1&Prime; background_hover_color_opacity=\u00a0\u00bb1&Prime; column_backdrop_filter=\u00a0\u00bbnone\u00a0\u00bb column_shadow=\u00a0\u00bbnone\u00a0\u00bb&#8230;<\/p>\n","protected":false},"author":4,"featured_media":4900,"comment_status":"closed","ping_status":"closed","sticky":false,"template":"","format":"standard","meta":{"_joinchat":[],"footnotes":""},"categories":[43,547],"tags":[454,327,510,507,508,506,503,509,512,511],"class_list":{"0":"post-4921","1":"post","2":"type-post","3":"status-publish","4":"format-standard","5":"has-post-thumbnail","7":"category-actualites-du-secteur","8":"category-stockage-solaire","9":"tag-autoconsommation","10":"tag-batteries-fr","11":"tag-cybersecurite","12":"tag-durabilite","13":"tag-efficacite-energetique","14":"tag-energie-photovoltaique","15":"tag-innovation-fr","16":"tag-reduction-des-emissions","17":"tag-secteur-agroalimentaire","18":"tag-transition-energetique"},"_links":{"self":[{"href":"https:\/\/www.solventa6.com\/fr\/wp-json\/wp\/v2\/posts\/4921","targetHints":{"allow":["GET"]}}],"collection":[{"href":"https:\/\/www.solventa6.com\/fr\/wp-json\/wp\/v2\/posts"}],"about":[{"href":"https:\/\/www.solventa6.com\/fr\/wp-json\/wp\/v2\/types\/post"}],"author":[{"embeddable":true,"href":"https:\/\/www.solventa6.com\/fr\/wp-json\/wp\/v2\/users\/4"}],"replies":[{"embeddable":true,"href":"https:\/\/www.solventa6.com\/fr\/wp-json\/wp\/v2\/comments?post=4921"}],"version-history":[{"count":3,"href":"https:\/\/www.solventa6.com\/fr\/wp-json\/wp\/v2\/posts\/4921\/revisions"}],"predecessor-version":[{"id":4924,"href":"https:\/\/www.solventa6.com\/fr\/wp-json\/wp\/v2\/posts\/4921\/revisions\/4924"}],"wp:featuredmedia":[{"embeddable":true,"href":"https:\/\/www.solventa6.com\/fr\/wp-json\/wp\/v2\/media\/4900"}],"wp:attachment":[{"href":"https:\/\/www.solventa6.com\/fr\/wp-json\/wp\/v2\/media?parent=4921"}],"wp:term":[{"taxonomy":"category","embeddable":true,"href":"https:\/\/www.solventa6.com\/fr\/wp-json\/wp\/v2\/categories?post=4921"},{"taxonomy":"post_tag","embeddable":true,"href":"https:\/\/www.solventa6.com\/fr\/wp-json\/wp\/v2\/tags?post=4921"}],"curies":[{"name":"wp","href":"https:\/\/api.w.org\/{rel}","templated":true}]}}