{"id":5185,"date":"2025-11-19T15:56:33","date_gmt":"2025-11-19T14:56:33","guid":{"rendered":"https:\/\/www.solventa6.com\/agroporc-and-friselva-werfoods-group-receive-the-bbva-e-tech-award-thanks-to-a-solar-energy-project-developed-with-solventa6\/"},"modified":"2025-11-19T16:13:17","modified_gmt":"2025-11-19T15:13:17","slug":"agroporc-et-friselva-groupe-werfoods-recoivent-le-prix-bbva-e-tech-grace-a-un-projet-denergie-solaire-developpe-avec-solventa6","status":"publish","type":"post","link":"https:\/\/www.solventa6.com\/fr\/agroporc-et-friselva-groupe-werfoods-recoivent-le-prix-bbva-e-tech-grace-a-un-projet-denergie-solaire-developpe-avec-solventa6\/","title":{"rendered":"Agroporc et Friselva (Groupe weRfoods) re\u00e7oivent le Prix BBVA E-TECH gr\u00e2ce \u00e0 un projet d\u2019\u00e9nergie solaire d\u00e9velopp\u00e9 avec Solventa6"},"content":{"rendered":"[vc_row type=\u00a0\u00bbin_container\u00a0\u00bb full_screen_row_position=\u00a0\u00bbmiddle\u00a0\u00bb column_margin=\u00a0\u00bbdefault\u00a0\u00bb column_direction=\u00a0\u00bbdefault\u00a0\u00bb column_direction_tablet=\u00a0\u00bbdefault\u00a0\u00bb column_direction_phone=\u00a0\u00bbdefault\u00a0\u00bb scene_position=\u00a0\u00bbcenter\u00a0\u00bb text_color=\u00a0\u00bbdark\u00a0\u00bb text_align=\u00a0\u00bbleft\u00a0\u00bb row_border_radius=\u00a0\u00bbnone\u00a0\u00bb row_border_radius_applies=\u00a0\u00bbbg\u00a0\u00bb overflow=\u00a0\u00bbvisible\u00a0\u00bb overlay_strength=\u00a0\u00bb0.3&Prime; gradient_direction=\u00a0\u00bbleft_to_right\u00a0\u00bb shape_divider_position=\u00a0\u00bbbottom\u00a0\u00bb bg_image_animation=\u00a0\u00bbnone\u00a0\u00bb][vc_column column_padding=\u00a0\u00bbno-extra-padding\u00a0\u00bb column_padding_tablet=\u00a0\u00bbinherit\u00a0\u00bb column_padding_phone=\u00a0\u00bbinherit\u00a0\u00bb column_padding_position=\u00a0\u00bball\u00a0\u00bb column_element_direction_desktop=\u00a0\u00bbdefault\u00a0\u00bb column_element_spacing=\u00a0\u00bbdefault\u00a0\u00bb desktop_text_alignment=\u00a0\u00bbdefault\u00a0\u00bb tablet_text_alignment=\u00a0\u00bbdefault\u00a0\u00bb phone_text_alignment=\u00a0\u00bbdefault\u00a0\u00bb background_color_opacity=\u00a0\u00bb1&Prime; background_hover_color_opacity=\u00a0\u00bb1&Prime; column_backdrop_filter=\u00a0\u00bbnone\u00a0\u00bb column_shadow=\u00a0\u00bbnone\u00a0\u00bb column_border_radius=\u00a0\u00bbnone\u00a0\u00bb column_link_target=\u00a0\u00bb_self\u00a0\u00bb column_position=\u00a0\u00bbdefault\u00a0\u00bb gradient_direction=\u00a0\u00bbleft_to_right\u00a0\u00bb overlay_strength=\u00a0\u00bb0.3&Prime; width=\u00a0\u00bb1\/1&Prime; tablet_width_inherit=\u00a0\u00bbdefault\u00a0\u00bb animation_type=\u00a0\u00bbdefault\u00a0\u00bb bg_image_animation=\u00a0\u00bbnone\u00a0\u00bb border_type=\u00a0\u00bbsimple\u00a0\u00bb column_border_width=\u00a0\u00bbnone\u00a0\u00bb column_border_style=\u00a0\u00bbsolid\u00a0\u00bb][vc_column_text css=\u00a0\u00bb\u00a0\u00bb text_direction=\u00a0\u00bbdefault\u00a0\u00bb]\n<p data-start=\"5487\" data-end=\"5769\"><strong data-start=\"5487\" data-end=\"5511\">Agroporc et Friselva<\/strong>, du <strong data-start=\"5516\" data-end=\"5535\">groupe weRfoods<\/strong>, ont \u00e9t\u00e9 r\u00e9compens\u00e9s par le <strong data-start=\"5564\" data-end=\"5622\">Prix BBVA E-TECH de la Strat\u00e9gie Durable en Entreprise<\/strong>, un prix qui souligne leur engagement en faveur de l\u2019innovation, de la durabilit\u00e9 et de la transition \u00e9nerg\u00e9tique dans le secteur agroalimentaire.<\/p>\n<p data-start=\"5771\" data-end=\"6031\">Cette distinction met en valeur le <strong data-start=\"5806\" data-end=\"5849\">projet d\u2019autoconsommation avec batterie<\/strong> mis en place \u00e0 la <strong data-start=\"5868\" data-end=\"5890\">Ferme de Can Ribas<\/strong>, \u00e0 Sant Mart\u00ed Vell (G\u00e9rone), une initiative port\u00e9e par Agroporc et Friselva (Groupe weRfoods) et d\u00e9velopp\u00e9e techniquement par <strong data-start=\"6017\" data-end=\"6030\">Solventa6<\/strong>.<\/p>\n<h3 data-start=\"6033\" data-end=\"6104\"><strong data-start=\"6037\" data-end=\"6104\">Un projet pionnier d\u2019autoconsommation \u00e9nerg\u00e9tique avec batterie<\/strong><\/h3>\n<p data-start=\"6105\" data-end=\"6368\">Le projet prim\u00e9 consiste en une <strong data-start=\"6137\" data-end=\"6187\">installation photovolta\u00efque hybride de 120 kWp<\/strong> combin\u00e9e \u00e0 une <strong data-start=\"6203\" data-end=\"6243\">batterie lithium-polym\u00e8re de 215 kWh<\/strong>, permettant de maximiser l\u2019autoconsommation solaire et d\u2019assurer l\u2019alimentation \u00e9lectrique m\u00eame en cas de coupure du r\u00e9seau.<\/p>\n<p data-start=\"6370\" data-end=\"6593\">Chez <strong data-start=\"6375\" data-end=\"6388\">Solventa6<\/strong>, nous avons r\u00e9alis\u00e9 le <strong data-start=\"6412\" data-end=\"6479\">conception et l\u2019installation du syst\u00e8me de stockage \u00e9nerg\u00e9tique<\/strong>, qui compl\u00e8te la centrale photovolta\u00efque et renforce son efficacit\u00e9, sa s\u00e9curit\u00e9 et sa continuit\u00e9 op\u00e9rationnelle.<\/p>\n<p data-start=\"6595\" data-end=\"6765\">Cette combinaison d\u2019\u00e9nergie solaire et de technologie de batterie repr\u00e9sente un pas en avant vers un mod\u00e8le \u00e9nerg\u00e9tique plus autonome et durable pour le secteur primaire.<\/p>\n<h3 data-start=\"6767\" data-end=\"6826\"><strong data-start=\"6771\" data-end=\"6826\">Une reconnaissance partag\u00e9e de l\u2019innovation durable<\/strong><\/h3>\n<p data-start=\"6827\" data-end=\"7084\">Bien que le prix ait \u00e9t\u00e9 attribu\u00e9 \u00e0 <strong data-start=\"6863\" data-end=\"6887\">Agroporc et Friselva<\/strong>, du <strong data-start=\"6892\" data-end=\"6911\">groupe weRfoods<\/strong>, cette r\u00e9ussite reconna\u00eet \u00e9galement le travail conjoint entre des entreprises partageant la m\u00eame vision : faire progresser la durabilit\u00e9 gr\u00e2ce \u00e0 l\u2019innovation technologique.<\/p>\n<p data-start=\"7086\" data-end=\"7309\">\u00ab <strong data-start=\"7088\" data-end=\"7269\">Ce projet d\u00e9montre que la collaboration entre entreprises engag\u00e9es peut g\u00e9n\u00e9rer de v\u00e9ritables solutions am\u00e9liorant l\u2019efficacit\u00e9 \u00e9nerg\u00e9tique et r\u00e9duisant l\u2019impact environnemental<\/strong> \u00bb, expliquent les \u00e9quipes de Solventa6.<\/p>\n<p data-start=\"7311\" data-end=\"7538\">Chez <strong data-start=\"7316\" data-end=\"7329\">Solventa6<\/strong>, nous sommes fiers d\u2019avoir contribu\u00e9 \u00e0 la r\u00e9alisation de ce projet et remercions <strong data-start=\"7411\" data-end=\"7435\">Agroporc et Friselva<\/strong>, du <strong data-start=\"7440\" data-end=\"7459\">groupe weRfoods<\/strong>, pour leur confiance dans notre accompagnement vers la transition \u00e9nerg\u00e9tique.<\/p>\n<h3 data-start=\"7540\" data-end=\"7570\"><strong data-start=\"7544\" data-end=\"7570\">Regarder vers l\u2019avenir<\/strong><\/h3>\n<p data-start=\"7571\" data-end=\"7801\">Le projet d\u00e9velopp\u00e9 par Friselva et Solventa6 montre comment l\u2019innovation appliqu\u00e9e peut aider les entreprises agroalimentaires \u00e0 r\u00e9duire leurs \u00e9missions, \u00e0 am\u00e9liorer leur comp\u00e9titivit\u00e9 et \u00e0 garantir un avenir \u00e9nerg\u00e9tique durable.<\/p>\n<p data-start=\"7803\" data-end=\"8011\">\u00c0 <strong data-start=\"7805\" data-end=\"7818\">Solventa6<\/strong>, nous continuons de travailler pour que la technologie soit un moteur de changement et accompagne la transition vers un mod\u00e8le \u00e9nerg\u00e9tique plus efficace, s\u00fbr et respectueux de l\u2019environnement.<\/p>\n<p data-start=\"8013\" data-end=\"8074\">Vous pouvez consulter plus d\u2019informations sur le projet <a href=\"https:\/\/www.solventa6.com\/fr\/projects\/energie-solaire-photovoltaique-avec-systeme-de-stockage-sur-batterie-dans-une-ferme-du-groupe-agroporc-groupe-friselva\/\">ici<\/a><\/p>\n[\/vc_column_text][\/vc_column][\/vc_row]\n","protected":false},"excerpt":{"rendered":"<p>[vc_row type=\u00a0\u00bbin_container\u00a0\u00bb full_screen_row_position=\u00a0\u00bbmiddle\u00a0\u00bb column_margin=\u00a0\u00bbdefault\u00a0\u00bb column_direction=\u00a0\u00bbdefault\u00a0\u00bb column_direction_tablet=\u00a0\u00bbdefault\u00a0\u00bb column_direction_phone=\u00a0\u00bbdefault\u00a0\u00bb scene_position=\u00a0\u00bbcenter\u00a0\u00bb text_color=\u00a0\u00bbdark\u00a0\u00bb text_align=\u00a0\u00bbleft\u00a0\u00bb row_border_radius=\u00a0\u00bbnone\u00a0\u00bb row_border_radius_applies=\u00a0\u00bbbg\u00a0\u00bb overflow=\u00a0\u00bbvisible\u00a0\u00bb overlay_strength=\u00a0\u00bb0.3&Prime; gradient_direction=\u00a0\u00bbleft_to_right\u00a0\u00bb shape_divider_position=\u00a0\u00bbbottom\u00a0\u00bb bg_image_animation=\u00a0\u00bbnone\u00a0\u00bb][vc_column column_padding=\u00a0\u00bbno-extra-padding\u00a0\u00bb column_padding_tablet=\u00a0\u00bbinherit\u00a0\u00bb column_padding_phone=\u00a0\u00bbinherit\u00a0\u00bb column_padding_position=\u00a0\u00bball\u00a0\u00bb column_element_direction_desktop=\u00a0\u00bbdefault\u00a0\u00bb column_element_spacing=\u00a0\u00bbdefault\u00a0\u00bb desktop_text_alignment=\u00a0\u00bbdefault\u00a0\u00bb tablet_text_alignment=\u00a0\u00bbdefault\u00a0\u00bb phone_text_alignment=\u00a0\u00bbdefault\u00a0\u00bb background_color_opacity=\u00a0\u00bb1&Prime; background_hover_color_opacity=\u00a0\u00bb1&Prime; column_backdrop_filter=\u00a0\u00bbnone\u00a0\u00bb column_shadow=\u00a0\u00bbnone\u00a0\u00bb&#8230;<\/p>\n","protected":false},"author":4,"featured_media":5176,"comment_status":"closed","ping_status":"closed","sticky":false,"template":"","format":"standard","meta":{"_joinchat":[],"footnotes":""},"categories":[58],"tags":[327,571,161,157,284,162,573,374,376],"class_list":{"0":"post-5185","1":"post","2":"type-post","3":"status-publish","4":"format-standard","5":"has-post-thumbnail","7":"category-actualites-corporatives","8":"tag-batteries-fr","9":"tag-bess-fr","10":"tag-energie-solaire","11":"tag-girona-fr","12":"tag-installation-photovoltaique","13":"tag-photovoltaique","14":"tag-prix","15":"tag-stockage-denergie","16":"tag-systeme-de-stockage"},"_links":{"self":[{"href":"https:\/\/www.solventa6.com\/fr\/wp-json\/wp\/v2\/posts\/5185","targetHints":{"allow":["GET"]}}],"collection":[{"href":"https:\/\/www.solventa6.com\/fr\/wp-json\/wp\/v2\/posts"}],"about":[{"href":"https:\/\/www.solventa6.com\/fr\/wp-json\/wp\/v2\/types\/post"}],"author":[{"embeddable":true,"href":"https:\/\/www.solventa6.com\/fr\/wp-json\/wp\/v2\/users\/4"}],"replies":[{"embeddable":true,"href":"https:\/\/www.solventa6.com\/fr\/wp-json\/wp\/v2\/comments?post=5185"}],"version-history":[{"count":2,"href":"https:\/\/www.solventa6.com\/fr\/wp-json\/wp\/v2\/posts\/5185\/revisions"}],"predecessor-version":[{"id":5187,"href":"https:\/\/www.solventa6.com\/fr\/wp-json\/wp\/v2\/posts\/5185\/revisions\/5187"}],"wp:featuredmedia":[{"embeddable":true,"href":"https:\/\/www.solventa6.com\/fr\/wp-json\/wp\/v2\/media\/5176"}],"wp:attachment":[{"href":"https:\/\/www.solventa6.com\/fr\/wp-json\/wp\/v2\/media?parent=5185"}],"wp:term":[{"taxonomy":"category","embeddable":true,"href":"https:\/\/www.solventa6.com\/fr\/wp-json\/wp\/v2\/categories?post=5185"},{"taxonomy":"post_tag","embeddable":true,"href":"https:\/\/www.solventa6.com\/fr\/wp-json\/wp\/v2\/tags?post=5185"}],"curies":[{"name":"wp","href":"https:\/\/api.w.org\/{rel}","templated":true}]}}