{"id":5704,"date":"2026-03-11T10:19:04","date_gmt":"2026-03-11T09:19:04","guid":{"rendered":"https:\/\/www.solventa6.com\/el-mercado-energetico-confirma-la-tendencia-datos-reales-y-escenarios-para-los-proximos-meses\/"},"modified":"2026-03-11T14:47:21","modified_gmt":"2026-03-11T13:47:21","slug":"le-marche-de-lenergie-confirme-la-tendance-donnees-reelles-et-scenarios-pour-les-prochains-mois","status":"publish","type":"post","link":"https:\/\/www.solventa6.com\/fr\/le-marche-de-lenergie-confirme-la-tendance-donnees-reelles-et-scenarios-pour-les-prochains-mois\/","title":{"rendered":"Le march\u00e9 de l\u2019\u00e9nergie confirme la tendance : donn\u00e9es r\u00e9elles et sc\u00e9narios pour les prochains mois"},"content":{"rendered":"[vc_row type=\u00a0\u00bbin_container\u00a0\u00bb full_screen_row_position=\u00a0\u00bbmiddle\u00a0\u00bb column_margin=\u00a0\u00bbdefault\u00a0\u00bb column_direction=\u00a0\u00bbdefault\u00a0\u00bb column_direction_tablet=\u00a0\u00bbdefault\u00a0\u00bb column_direction_phone=\u00a0\u00bbdefault\u00a0\u00bb scene_position=\u00a0\u00bbcenter\u00a0\u00bb text_color=\u00a0\u00bbdark\u00a0\u00bb text_align=\u00a0\u00bbleft\u00a0\u00bb row_border_radius=\u00a0\u00bbnone\u00a0\u00bb row_border_radius_applies=\u00a0\u00bbbg\u00a0\u00bb overflow=\u00a0\u00bbvisible\u00a0\u00bb overlay_strength=\u00a0\u00bb0.3&Prime; gradient_direction=\u00a0\u00bbleft_to_right\u00a0\u00bb shape_divider_position=\u00a0\u00bbbottom\u00a0\u00bb bg_image_animation=\u00a0\u00bbnone\u00a0\u00bb][vc_column column_padding=\u00a0\u00bbno-extra-padding\u00a0\u00bb column_padding_tablet=\u00a0\u00bbinherit\u00a0\u00bb column_padding_phone=\u00a0\u00bbinherit\u00a0\u00bb column_padding_position=\u00a0\u00bball\u00a0\u00bb column_element_direction_desktop=\u00a0\u00bbdefault\u00a0\u00bb column_element_spacing=\u00a0\u00bbdefault\u00a0\u00bb desktop_text_alignment=\u00a0\u00bbdefault\u00a0\u00bb tablet_text_alignment=\u00a0\u00bbdefault\u00a0\u00bb phone_text_alignment=\u00a0\u00bbdefault\u00a0\u00bb background_color_opacity=\u00a0\u00bb1&Prime; background_hover_color_opacity=\u00a0\u00bb1&Prime; column_backdrop_filter=\u00a0\u00bbnone\u00a0\u00bb column_shadow=\u00a0\u00bbnone\u00a0\u00bb column_border_radius=\u00a0\u00bbnone\u00a0\u00bb column_link_target=\u00a0\u00bb_self\u00a0\u00bb column_position=\u00a0\u00bbdefault\u00a0\u00bb gradient_direction=\u00a0\u00bbleft_to_right\u00a0\u00bb overlay_strength=\u00a0\u00bb0.3&Prime; width=\u00a0\u00bb1\/1&Prime; tablet_width_inherit=\u00a0\u00bbdefault\u00a0\u00bb animation_type=\u00a0\u00bbdefault\u00a0\u00bb bg_image_animation=\u00a0\u00bbnone\u00a0\u00bb border_type=\u00a0\u00bbsimple\u00a0\u00bb column_border_width=\u00a0\u00bbnone\u00a0\u00bb column_border_style=\u00a0\u00bbsolid\u00a0\u00bb][vc_column_text css=\u00a0\u00bb\u00a0\u00bb text_direction=\u00a0\u00bbdefault\u00a0\u00bb]\n<p data-start=\"9669\" data-end=\"10306\">Il y a quelques jours, nous publiions sur <strong><a href=\"https:\/\/www.linkedin.com\/feed\/update\/urn:li:activity:7434876617782550529\/\">LinkedIn une r\u00e9flexion sur l\u2019impact que le conflit au Moyen-Orient pourrait avoir sur le prix de l\u2019\u00e9nergie<\/a><\/strong> et sur la mani\u00e8re dont cette situation pourrait affecter aussi bien les entreprises que les consommateurs. \u00c0 ce stade, <strong>avec les donn\u00e9es r\u00e9elles du march\u00e9 enregistr\u00e9es au cours des derni\u00e8res semaines,<\/strong> nous pouvons d\u00e9j\u00e0 constater que les premiers <strong>mouvements du march\u00e9 vont dans le sens que nous avions anticip\u00e9.<\/strong> Les march\u00e9s de l\u2019\u00e9nergie r\u00e9agissent tr\u00e8s rapidement \u00e0 l\u2019incertitude g\u00e9opolitique, en particulier lorsqu\u2019elle touche des r\u00e9gions cl\u00e9s pour l\u2019approvisionnement \u00e9nerg\u00e9tique mondial.<\/p>\n<p data-start=\"10308\" data-end=\"10393\">Les derni\u00e8res r\u00e9f\u00e9rences des march\u00e9s de l\u2019\u00e9nergie montrent une tension sur les prix :<\/p>\n<ul>\n<li data-start=\"10395\" data-end=\"10421\"><strong>Gaz TTF :<\/strong> 50 \u2013 55 \u20ac\/MWh<\/li>\n<li data-start=\"10423\" data-end=\"10472\"><strong>March\u00e9 \u00e9lectrique OMIE attendu :<\/strong> 60 \u2013 85 \u20ac\/MWh<\/li>\n<li data-start=\"10474\" data-end=\"10509\"><strong>P\u00e9trole Brent :<\/strong> 90 \u2013 100 $\/baril<\/li>\n<\/ul>\n<p data-start=\"10511\" data-end=\"10730\">Ces donn\u00e9es indiquent un sc\u00e9nario de <strong>forte volatilit\u00e9<\/strong>, dans lequel les prix peuvent conna\u00eetre des hausses ponctuelles importantes. Cette volatilit\u00e9 est particuli\u00e8rement visible sur le march\u00e9 journalier de l\u2019\u00e9lectricit\u00e9.<\/p>\n[\/vc_column_text][image_with_animation image_url=\u00a0\u00bb5695&Prime; image_size=\u00a0\u00bbmedium_large\u00a0\u00bb animation_type=\u00a0\u00bbentrance\u00a0\u00bb animation=\u00a0\u00bbNone\u00a0\u00bb animation_movement_type=\u00a0\u00bbtransform_y\u00a0\u00bb hover_animation=\u00a0\u00bbnone\u00a0\u00bb alignment=\u00a0\u00bb\u00a0\u00bb border_radius=\u00a0\u00bbnone\u00a0\u00bb box_shadow=\u00a0\u00bbnone\u00a0\u00bb image_loading=\u00a0\u00bbdefault\u00a0\u00bb max_width=\u00a0\u00bb100%\u00a0\u00bb max_width_mobile=\u00a0\u00bbdefault\u00a0\u00bb][image_with_animation image_size=\u00a0\u00bbfull\u00a0\u00bb animation_type=\u00a0\u00bbentrance\u00a0\u00bb animation=\u00a0\u00bbNone\u00a0\u00bb animation_movement_type=\u00a0\u00bbtransform_y\u00a0\u00bb hover_animation=\u00a0\u00bbnone\u00a0\u00bb alignment=\u00a0\u00bb\u00a0\u00bb border_radius=\u00a0\u00bbnone\u00a0\u00bb box_shadow=\u00a0\u00bbnone\u00a0\u00bb image_loading=\u00a0\u00bbdefault\u00a0\u00bb max_width=\u00a0\u00bb100%\u00a0\u00bb max_width_mobile=\u00a0\u00bbdefault\u00a0\u00bb][vc_column_text css=\u00a0\u00bb\u00a0\u00bb text_direction=\u00a0\u00bbdefault\u00a0\u00bb]<em>Source : OMIE \u2013 \u00e9volution du prix spot du march\u00e9 de l\u2019\u00e9lectricit\u00e9.<\/em>[\/vc_column_text][vc_column_text css=\u00a0\u00bb\u00a0\u00bb text_direction=\u00a0\u00bbdefault\u00a0\u00bb]\n<p data-start=\"10804\" data-end=\"11179\">Le graphique montre comment, ces derni\u00e8res semaines, le march\u00e9 pr\u00e9sente des pics de plus en plus marqu\u00e9s, reflet d\u2019un syst\u00e8me \u00e9nerg\u00e9tique sensible \u00e0 tout facteur de tension. Cette situation est importante, car elle n\u2019augmente pas seulement le prix moyen, mais aussi le spread \u00e9nerg\u00e9tique, c\u2019est-\u00e0-dire la diff\u00e9rence entre les heures moins ch\u00e8res et les heures plus co\u00fbteuses.<\/p>\n<h3 data-start=\"11181\" data-end=\"11212\"><strong data-start=\"11181\" data-end=\"11212\">Trois sc\u00e9narios possibles:<\/strong><\/h3>\n<p data-start=\"11214\" data-end=\"11567\">\u00c0 court et moyen terme, l\u2019\u00e9volution du prix de l\u2019\u00e9nergie d\u00e9pendra principalement de la dur\u00e9e du conflit et de la tension sur les march\u00e9s internationaux. Actuellement, l\u2019hypoth\u00e8se la plus probable avanc\u00e9e par de nombreux analystes est un conflit d\u2019une dur\u00e9e comprise entre 3 et 6 mois. \u00c0 partir de l\u00e0, nous pouvons synth\u00e9tiser trois sc\u00e9narios possibles :<\/p>\n<ul>\n<li data-start=\"11569\" data-end=\"11666\"><strong data-start=\"11569\" data-end=\"11608\">Sc\u00e9nario 1 \u2014 Conflit court (2 mois)<\/strong><\/li>\n<\/ul>\n<p>Hausse mod\u00e9r\u00e9e des prix de l\u2019\u00e9nergie. Impact possible :<\/p>\n<ul>\n<li data-start=\"11668\" data-end=\"11806\"><strong>Essence :<\/strong> +5 % \u00e0 +8 %<\/li>\n<li data-start=\"11668\" data-end=\"11806\"><strong>Gaz :<\/strong> +10 % \u00e0 +15 %<\/li>\n<li data-start=\"11668\" data-end=\"11806\"><strong>\u00c9lectricit\u00e9 des particuliers :<\/strong> +10 % \u00e0 +15 %<\/li>\n<li data-start=\"11668\" data-end=\"11806\"><strong>\u00c9lectricit\u00e9 des entreprises :<\/strong> +12 % \u00e0 +18 %<\/li>\n<\/ul>\n<p data-start=\"11808\" data-end=\"11878\">L\u2019impact se ferait sentir sur les factures pendant environ 2 \u00e0 3 mois.<\/p>\n<ul>\n<li data-start=\"11880\" data-end=\"11992\"><strong data-start=\"11880\" data-end=\"11919\">Sc\u00e9nario 2 \u2014 Conflit moyen (4 mois)<\/strong><\/li>\n<\/ul>\n<p>Il s\u2019agit de l\u2019un des sc\u00e9narios les plus plausibles. Impact probable :<\/p>\n<ul>\n<li data-start=\"11994\" data-end=\"12134\"><strong>Essence :<\/strong> +10 % \u00e0 +15 %<\/li>\n<li data-start=\"11994\" data-end=\"12134\"><strong>Gaz :<\/strong> +15 % \u00e0 +25 %<\/li>\n<li data-start=\"11994\" data-end=\"12134\"><strong>\u00c9lectricit\u00e9 des particuliers :<\/strong> +20 % \u00e0 +30 %<\/li>\n<li data-start=\"11994\" data-end=\"12134\"><strong>\u00c9lectricit\u00e9 des entreprises :<\/strong> +25 % \u00e0 +30 %<\/li>\n<\/ul>\n<p data-start=\"12136\" data-end=\"12261\">Les factures pourraient rester \u00e9lev\u00e9es pendant 4 \u00e0 6 mois, les march\u00e9s de l\u2019\u00e9nergie ayant g\u00e9n\u00e9ralement une r\u00e9action diff\u00e9r\u00e9e.<\/p>\n<ul>\n<li data-start=\"12263\" data-end=\"12426\"><strong data-start=\"12263\" data-end=\"12305\">Sc\u00e9nario 3 \u2014 Conflit prolong\u00e9 (6 mois)<\/strong><\/li>\n<\/ul>\n<p>Dans ce sc\u00e9nario, les march\u00e9s de l\u2019\u00e9nergie pourraient entrer dans une phase de tension structurelle. Impact possible :<\/p>\n<ul>\n<li><strong>Essence :<\/strong> +20 %<\/li>\n<li><strong>Gaz :<\/strong> +30 %<\/li>\n<li><strong>\u00c9lectricit\u00e9 des particuliers :<\/strong> +30 % \u00e0 +40 %<\/li>\n<li><strong>\u00c9lectricit\u00e9 des entreprises :<\/strong> +35 % \u00e0 +45 %<\/li>\n<\/ul>\n<p>Dans ce cas, l\u2019impact pourrait se prolonger jusqu\u2019\u00e0 9 ou 12 mois.<\/p>\n<h3 data-start=\"12621\" data-end=\"12652\"><strong data-start=\"12621\" data-end=\"12652\">Quel impact r\u00e9el pour moi?<\/strong><\/h3>\n<ul>\n<li data-start=\"12654\" data-end=\"12777\"><strong data-start=\"12654\" data-end=\"12673\">Cas r\u00e9sidentiel<\/strong><\/li>\n<\/ul>\n<p>Un foyer qui paie actuellement<strong> 150 \u20ac par mois<\/strong> d\u2019\u00e9lectricit\u00e9 pourrait passer \u00e0 environ<strong> 200 \u20ac par mois<\/strong>.<\/p>\n<p data-start=\"12779\" data-end=\"12866\">Si cette situation se maintient pendant un an, l\u2019impact serait d\u2019environ +600 \u20ac par an.<\/p>\n<ul>\n<li data-start=\"12868\" data-end=\"12997\">\n<p data-start=\"1442\" data-end=\"1462\"><strong data-start=\"1442\" data-end=\"1462\">Cas entreprise 1<\/strong><\/p>\n<p data-start=\"1464\" data-end=\"1581\">Une entreprise avec une facture \u00e9nerg\u00e9tique de <strong data-start=\"1511\" data-end=\"1532\">10 000 \u20ac par mois<\/strong> pourrait passer \u00e0 environ <strong data-start=\"1559\" data-end=\"1580\">13 000 \u20ac par mois<\/strong>.<\/p>\n<p data-start=\"1583\" data-end=\"1785\">Sur une ann\u00e9e, cela repr\u00e9senterait <strong data-start=\"1618\" data-end=\"1666\">+36 000 \u20ac de co\u00fbt \u00e9nerg\u00e9tique suppl\u00e9mentaire<\/strong>. Pour de nombreuses entreprises industrielles ou logistiques, cette hausse peut avoir un impact direct sur les marges.<\/p>\n<\/li>\n<li data-start=\"12868\" data-end=\"12997\">\n<p data-start=\"1583\" data-end=\"1785\"><strong data-start=\"1787\" data-end=\"1807\">Cas entreprise 2<\/strong><\/p>\n<p data-start=\"1809\" data-end=\"1928\">Une entreprise avec une facture \u00e9nerg\u00e9tique de <strong data-start=\"1856\" data-end=\"1878\">200 000 \u20ac par mois<\/strong> pourrait passer \u00e0 environ <strong data-start=\"1905\" data-end=\"1927\">260 000 \u20ac par mois<\/strong>.<\/p>\n<p data-start=\"1930\" data-end=\"2133\" data-is-last-node=\"\" data-is-only-node=\"\">Sur une ann\u00e9e, cela repr\u00e9senterait <strong data-start=\"1965\" data-end=\"2014\">+720 000 \u20ac de co\u00fbt \u00e9nerg\u00e9tique suppl\u00e9mentaire<\/strong>. Pour de nombreuses entreprises industrielles ou logistiques, cette hausse peut avoir un impact direct sur les marges.<\/p>\n<\/li>\n<\/ul>\n<h3 data-start=\"13195\" data-end=\"13242\"><strong data-start=\"13195\" data-end=\"13242\">Que pouvons-nous faire face \u00e0 ce sc\u00e9nario?<\/strong><\/h3>\n<p data-start=\"13244\" data-end=\"13430\">Dans un contexte \u00e9nerg\u00e9tique incertain, de plus en plus d\u2019entreprises et de particuliers choisissent de r\u00e9duire leur exposition au march\u00e9 de l\u2019\u00e9lectricit\u00e9. Deux solutions se d\u00e9marquent :<\/p>\n<ul>\n<li data-start=\"13432\" data-end=\"13735\"><strong data-start=\"13432\" data-end=\"13488\">Installer ou \u00e9tendre une installation photovolta\u00efque<\/strong><\/li>\n<\/ul>\n<p>La production photovolta\u00efque permet de produire sa propre \u00e9nergie et de r\u00e9duire la d\u00e9pendance au march\u00e9 de l\u2019\u00e9lectricit\u00e9. Dans un contexte de volatilit\u00e9 \u00e9nerg\u00e9tique, le photovolta\u00efque devient un outil cl\u00e9 pour stabiliser les co\u00fbts \u00e9nerg\u00e9tiques.<\/p>\n<ul>\n<li data-start=\"13737\" data-end=\"14216\"><strong data-start=\"13737\" data-end=\"13781\">Int\u00e9grer des syst\u00e8mes de stockage (BESS)<\/strong><\/li>\n<\/ul>\n<p>Les syst\u00e8mes BESS (Battery Energy Storage Systems) prennent de plus en plus d\u2019importance. Lorsque le march\u00e9 pr\u00e9sente un spread \u00e9lev\u00e9 entre les heures bon march\u00e9 et les heures ch\u00e8res, stocker l\u2019\u00e9nergie lorsqu\u2019elle est peu co\u00fbteuse et la consommer lorsqu\u2019elle devient ch\u00e8re g\u00e9n\u00e8re bien plus de valeur. Avec des spreads intrajournaliers estim\u00e9s entre 25 et 45 \u20ac\/MWh, la rentabilit\u00e9 des syst\u00e8mes de stockage a consid\u00e9rablement augment\u00e9.<\/p>\n<h3 data-start=\"14218\" data-end=\"14234\"><strong data-start=\"14218\" data-end=\"14234\">Conclusion:<\/strong><\/h3>\n<p data-start=\"14236\" data-end=\"14470\">Les march\u00e9s de l\u2019\u00e9nergie commencent d\u00e9j\u00e0 \u00e0 refl\u00e9ter les tensions g\u00e9opolitiques actuelles. Tout indique que les prochains mois seront marqu\u00e9s par une volatilit\u00e9 accrue, des pics de prix plus prononc\u00e9s et un co\u00fbt \u00e9nerg\u00e9tique plus \u00e9lev\u00e9.<\/p>\n<p data-start=\"14472\" data-end=\"14705\">C\u2019est pourquoi l\u2019anticipation est essentielle. Les entreprises et les consommateurs qui misent sur l\u2019autoconsommation et le stockage de l\u2019\u00e9nergie seront mieux pr\u00e9par\u00e9s \u00e0 faire face \u00e0 un sc\u00e9nario \u00e9nerg\u00e9tique de plus en plus incertain.<\/p>\n[\/vc_column_text][\/vc_column][\/vc_row]\n","protected":false},"excerpt":{"rendered":"<p>[vc_row type=\u00a0\u00bbin_container\u00a0\u00bb full_screen_row_position=\u00a0\u00bbmiddle\u00a0\u00bb column_margin=\u00a0\u00bbdefault\u00a0\u00bb column_direction=\u00a0\u00bbdefault\u00a0\u00bb column_direction_tablet=\u00a0\u00bbdefault\u00a0\u00bb column_direction_phone=\u00a0\u00bbdefault\u00a0\u00bb scene_position=\u00a0\u00bbcenter\u00a0\u00bb text_color=\u00a0\u00bbdark\u00a0\u00bb text_align=\u00a0\u00bbleft\u00a0\u00bb row_border_radius=\u00a0\u00bbnone\u00a0\u00bb row_border_radius_applies=\u00a0\u00bbbg\u00a0\u00bb overflow=\u00a0\u00bbvisible\u00a0\u00bb overlay_strength=\u00a0\u00bb0.3&Prime; gradient_direction=\u00a0\u00bbleft_to_right\u00a0\u00bb shape_divider_position=\u00a0\u00bbbottom\u00a0\u00bb bg_image_animation=\u00a0\u00bbnone\u00a0\u00bb][vc_column column_padding=\u00a0\u00bbno-extra-padding\u00a0\u00bb column_padding_tablet=\u00a0\u00bbinherit\u00a0\u00bb column_padding_phone=\u00a0\u00bbinherit\u00a0\u00bb column_padding_position=\u00a0\u00bball\u00a0\u00bb column_element_direction_desktop=\u00a0\u00bbdefault\u00a0\u00bb column_element_spacing=\u00a0\u00bbdefault\u00a0\u00bb desktop_text_alignment=\u00a0\u00bbdefault\u00a0\u00bb tablet_text_alignment=\u00a0\u00bbdefault\u00a0\u00bb phone_text_alignment=\u00a0\u00bbdefault\u00a0\u00bb background_color_opacity=\u00a0\u00bb1&Prime; background_hover_color_opacity=\u00a0\u00bb1&Prime; column_backdrop_filter=\u00a0\u00bbnone\u00a0\u00bb column_shadow=\u00a0\u00bbnone\u00a0\u00bb&#8230;<\/p>\n","protected":false},"author":4,"featured_media":5691,"comment_status":"closed","ping_status":"closed","sticky":false,"template":"","format":"standard","meta":{"_joinchat":[],"footnotes":""},"categories":[43],"tags":[640,571,930,944,933,945,946,947,936,940,948,949,950,942,951,952],"class_list":{"0":"post-5704","1":"post","2":"type-post","3":"status-publish","4":"format-standard","5":"has-post-thumbnail","7":"category-actualites-du-secteur","8":"tag-autoconsommation-photovoltaique","9":"tag-bess-fr","10":"tag-cost-energetic-industria-fr","11":"tag-cout-energetique-industrie","12":"tag-energia-per-a-empreses-fr","13":"tag-energie-pour-les-entreprises","14":"tag-marche-electrique-omie","15":"tag-marche-energetique","16":"tag-mercat-electric-omie-fr","17":"tag-preu-gas-ttf-fr","18":"tag-prix-de-lelectricite-entreprises","19":"tag-prix-de-lenergie","20":"tag-prix-du-gaz-ttf","21":"tag-sistemes-demmagatzematge-bess-fr","22":"tag-systemes-de-stockage-bess","23":"tag-volatilite-du-prix-de-lelectricite"},"_links":{"self":[{"href":"https:\/\/www.solventa6.com\/fr\/wp-json\/wp\/v2\/posts\/5704","targetHints":{"allow":["GET"]}}],"collection":[{"href":"https:\/\/www.solventa6.com\/fr\/wp-json\/wp\/v2\/posts"}],"about":[{"href":"https:\/\/www.solventa6.com\/fr\/wp-json\/wp\/v2\/types\/post"}],"author":[{"embeddable":true,"href":"https:\/\/www.solventa6.com\/fr\/wp-json\/wp\/v2\/users\/4"}],"replies":[{"embeddable":true,"href":"https:\/\/www.solventa6.com\/fr\/wp-json\/wp\/v2\/comments?post=5704"}],"version-history":[{"count":4,"href":"https:\/\/www.solventa6.com\/fr\/wp-json\/wp\/v2\/posts\/5704\/revisions"}],"predecessor-version":[{"id":5716,"href":"https:\/\/www.solventa6.com\/fr\/wp-json\/wp\/v2\/posts\/5704\/revisions\/5716"}],"wp:featuredmedia":[{"embeddable":true,"href":"https:\/\/www.solventa6.com\/fr\/wp-json\/wp\/v2\/media\/5691"}],"wp:attachment":[{"href":"https:\/\/www.solventa6.com\/fr\/wp-json\/wp\/v2\/media?parent=5704"}],"wp:term":[{"taxonomy":"category","embeddable":true,"href":"https:\/\/www.solventa6.com\/fr\/wp-json\/wp\/v2\/categories?post=5704"},{"taxonomy":"post_tag","embeddable":true,"href":"https:\/\/www.solventa6.com\/fr\/wp-json\/wp\/v2\/tags?post=5704"}],"curies":[{"name":"wp","href":"https:\/\/api.w.org\/{rel}","templated":true}]}}